{"id":1077,"date":"2023-09-15T16:09:11","date_gmt":"2023-09-15T14:09:11","guid":{"rendered":"https:\/\/www.institut-foton.eu\/?p=1077"},"modified":"2025-04-22T12:27:53","modified_gmt":"2025-04-22T10:27:53","slug":"iuf-une-nouvelle-nomination-pour-jacky-even","status":"publish","type":"post","link":"https:\/\/www.institut-foton.eu\/en\/iuf-une-nouvelle-nomination-pour-jacky-even\/","title":{"rendered":"IUF : une nouvelle nomination pour Jacky EVEN"},"content":{"rendered":"\n<p>Jacky EVEN (chaire senior fondamentale) est nomm\u00e9 \u00e0 compter du 1er octobre 2023 pour une dur\u00e9e de 5 ans<\/p>\n\n\n\n<p>Cr\u00e9\u00e9 en 1991, l\u2019Institut universitaire de France (IUF) a pour mission de favoriser le d\u00e9veloppement de la recherche de haut niveau dans les \u00e9coles et universit\u00e9s et de renforcer l\u2019interdisciplinarit\u00e9. Du temps d\u00e9di\u00e9 \u00e0 la recherche et \u00e0 l\u2019innovation en plus pour les meilleurs talents de l\u2019enseignement sup\u00e9rieur fran\u00e7ais.<\/p>\n\n\n\n<p>Enseignant-chercheur \u00e0 l\u2019INSA Rennes depuis 1999, Jacky EVEN est \u00e0 l\u2019origine de la cr\u00e9ation du groupe de simulation de l\u2019institut FOTON la m\u00eame ann\u00e9e. Ses activit\u00e9s de recherche portent sur l\u2019\u00e9tude de mat\u00e9riaux semi-conducteurs pour des applications photovolta\u00efques et opto\u00e9lectroniques. Les mat\u00e9riaux p\u00e9rovskites sont en particulier \u00e0 l\u2019origine d\u2019une rupture r\u00e9cente et majeure dans le domaine du photovolta\u00efque \u00e0 bas co\u00fbt. Entour\u00e9 de son \u00e9quipe de simulation pluridisciplinaire, il a contribu\u00e9 fortement dans ce domaine en attribuant cette perc\u00e9e \u00e0 un changement de paradigme et \u00e0 l\u2019apparition d\u2019une nouvelle classe de semi-conducteurs.<br>En 2022, pour la 4e ann\u00e9e cons\u00e9cutive, Jacky EVEN figure parmi les chercheurs identifi\u00e9s comme ayant une influence exceptionnelle dans la cat\u00e9gorie \u00ab interdisciplinarit\u00e9s \u00bb, ce qui est attest\u00e9 par une production scientifique avec de nombreux articles qui se classent parmi les 1% les plus cit\u00e9s (par domaine scientifique et par an), dans Web of Science<sup>TM<\/sup>.<\/p>\n\n\n\n<div class=\"wp-block-columns is-layout-flex wp-container-core-columns-is-layout-28f84493 wp-block-columns-is-layout-flex\">\n<div class=\"wp-block-column is-layout-flow wp-block-column-is-layout-flow\" style=\"flex-basis:33.33%\">\n<p><img loading=\"lazy\" decoding=\"async\" src=\"http:\/\/foton.cnrs.fr\/v2016\/IMG\/jpg\/jackyeven-medaillon.jpg\" alt=\"\" width=\"283\" height=\"323\"><\/p>\n<\/div>\n\n\n\n<div class=\"wp-block-column is-layout-flow wp-block-column-is-layout-flow\" style=\"flex-basis:66.66%\">\n<blockquote class=\"wp-block-quote is-layout-flow wp-block-quote-is-layout-flow\">\n<p>\u00ab Le renouvellement de ma position de membre s\u00e9nior de l\u2019IUF me permettra de continuer \u00e0 animer le groupe p\u00e9rovskite Rennais et maintenir une forte activit\u00e9 \u00e0 l\u2019international. Les th\u00e9matiques d\u2019actualit\u00e9s autour des p\u00e9rovskites sont nombreuses, potentiellement appliqu\u00e9es (photovolta\u00efque, production d\u2019hydrog\u00e8ne, sources optiques quantiques \u2026), mais aussi fondamentales (compr\u00e9hension de l\u2019influence du d\u00e9sordre structural sur les propri\u00e9t\u00e9s opto\u00e9lectroniques, effet du confinement quantique, couplage spin \/ propri\u00e9t\u00e9s opto\u00e9lectroniques, \u2026). \u00bb<\/p>\n<\/blockquote>\n<\/div>\n<\/div>\n","protected":false},"excerpt":{"rendered":"<p>octobre 2023<\/p>\n","protected":false},"author":3,"featured_media":1080,"comment_status":"closed","ping_status":"closed","sticky":false,"template":"","format":"standard","meta":{"inline_featured_image":false,"footnotes":""},"categories":[36],"tags":[110,44],"class_list":["post-1077","post","type-post","status-publish","format-standard","has-post-thumbnail","hentry","category-actualites","tag-departement-ohm","tag-perovskites"],"translation":{"provider":"WPGlobus","version":"3.0.2","language":"en","enabled_languages":["fr","en"],"languages":{"fr":{"title":true,"content":true,"excerpt":true},"en":{"title":false,"content":false,"excerpt":false}}},"_links":{"self":[{"href":"https:\/\/www.institut-foton.eu\/en\/wp-json\/wp\/v2\/posts\/1077","targetHints":{"allow":["GET"]}}],"collection":[{"href":"https:\/\/www.institut-foton.eu\/en\/wp-json\/wp\/v2\/posts"}],"about":[{"href":"https:\/\/www.institut-foton.eu\/en\/wp-json\/wp\/v2\/types\/post"}],"author":[{"embeddable":true,"href":"https:\/\/www.institut-foton.eu\/en\/wp-json\/wp\/v2\/users\/3"}],"replies":[{"embeddable":true,"href":"https:\/\/www.institut-foton.eu\/en\/wp-json\/wp\/v2\/comments?post=1077"}],"version-history":[{"count":4,"href":"https:\/\/www.institut-foton.eu\/en\/wp-json\/wp\/v2\/posts\/1077\/revisions"}],"predecessor-version":[{"id":6935,"href":"https:\/\/www.institut-foton.eu\/en\/wp-json\/wp\/v2\/posts\/1077\/revisions\/6935"}],"wp:featuredmedia":[{"embeddable":true,"href":"https:\/\/www.institut-foton.eu\/en\/wp-json\/wp\/v2\/media\/1080"}],"wp:attachment":[{"href":"https:\/\/www.institut-foton.eu\/en\/wp-json\/wp\/v2\/media?parent=1077"}],"wp:term":[{"taxonomy":"category","embeddable":true,"href":"https:\/\/www.institut-foton.eu\/en\/wp-json\/wp\/v2\/categories?post=1077"},{"taxonomy":"post_tag","embeddable":true,"href":"https:\/\/www.institut-foton.eu\/en\/wp-json\/wp\/v2\/tags?post=1077"}],"curies":[{"name":"wp","href":"https:\/\/api.w.org\/{rel}","templated":true}]}}