{"id":1140,"date":"2023-09-18T16:42:44","date_gmt":"2023-09-18T14:42:44","guid":{"rendered":"https:\/\/www.institut-foton.eu\/?p=1140"},"modified":"2024-03-21T08:42:06","modified_gmt":"2024-03-21T07:42:06","slug":"peignes-de-frequences-optiques-et-photonique-integree","status":"publish","type":"post","link":"https:\/\/www.institut-foton.eu\/en\/peignes-de-frequences-optiques-et-photonique-integree\/","title":{"rendered":"Peignes de fr\u00e9quences optiques et photonique int\u00e9gr\u00e9e"},"content":{"rendered":"\n<p>Lucas Deniel<\/p>\n\n\n\n<p>Lundi 25 septembre 2023, 14 h \u2013 16 h<\/p>\n\n\n\n<p>Enssat, Lannion Salle 020G<\/p>\n\n\n\n<h2 class=\"wp-block-heading\">R\u00e9sum\u00e9<\/h2>\n\n\n\n<p>La ma\u00eetrise des peignes de fr\u00e9quences optiques a r\u00e9volutionn\u00e9 la m\u00e9trologie des fr\u00e9quences. En outre, de la spectroscopie aux t\u00e9l\u00e9communications num\u00e9riques, en passant par la mesure de distance, les applications de cette technologie foisonnent. Pourtant, les peignes de fr\u00e9quences disponibles dans le commerce demeurent relativement co\u00fbteux et encombrants. L\u2019optique int\u00e9gr\u00e9e pourrait r\u00e9pondre au d\u00e9fi de leur accessibilit\u00e9. En s\u2019inspirant des proc\u00e9d\u00e9s de fabrication de circuits int\u00e9gr\u00e9s \u00e9lectroniques, des circuits photoniques entiers peuvent d\u00e9sormais \u00eatre r\u00e9alis\u00e9s sur des puces de quelques millim\u00e8tres carr\u00e9s. La production massive de tels circuits permettrait en plus de r\u00e9duire le co\u00fbt de nombreux syst\u00e8mes optiques ou opto-\u00e9lectroniques, dont les sources de peignes de fr\u00e9quences.<\/p>\n\n\n\n<p>Apr\u00e8s avoir d\u00e9taill\u00e9 le contexte dans lequel s\u2019inscrivent les peignes de fr\u00e9quences, d\u2019une part, et l\u2019optique int\u00e9gr\u00e9e, d\u2019autre part, je pr\u00e9senterai deux travaux de recherche portant sur la g\u00e9n\u00e9ration de peignes de fr\u00e9quences sur puce.<\/p>\n","protected":false},"excerpt":{"rendered":"<p>Lucas Deniel Lundi 25 septembre 2023, 14 h \u2013 16 h Enssat, Lannion Salle 020G R\u00e9sum\u00e9 La ma\u00eetrise des peignes de fr\u00e9quences optiques a r\u00e9volutionn\u00e9 la m\u00e9trologie des fr\u00e9quences. En outre, de la spectroscopie aux t\u00e9l\u00e9communications num\u00e9riques, en passant par<\/p>\n","protected":false},"author":3,"featured_media":1151,"comment_status":"closed","ping_status":"closed","sticky":false,"template":"","format":"standard","meta":{"inline_featured_image":false,"footnotes":""},"categories":[37],"tags":[],"class_list":["post-1140","post","type-post","status-publish","format-standard","has-post-thumbnail","hentry","category-agenda"],"translation":{"provider":"WPGlobus","version":"3.0.2","language":"en","enabled_languages":["fr","en"],"languages":{"fr":{"title":true,"content":true,"excerpt":false},"en":{"title":false,"content":false,"excerpt":false}}},"_links":{"self":[{"href":"https:\/\/www.institut-foton.eu\/en\/wp-json\/wp\/v2\/posts\/1140","targetHints":{"allow":["GET"]}}],"collection":[{"href":"https:\/\/www.institut-foton.eu\/en\/wp-json\/wp\/v2\/posts"}],"about":[{"href":"https:\/\/www.institut-foton.eu\/en\/wp-json\/wp\/v2\/types\/post"}],"author":[{"embeddable":true,"href":"https:\/\/www.institut-foton.eu\/en\/wp-json\/wp\/v2\/users\/3"}],"replies":[{"embeddable":true,"href":"https:\/\/www.institut-foton.eu\/en\/wp-json\/wp\/v2\/comments?post=1140"}],"version-history":[{"count":1,"href":"https:\/\/www.institut-foton.eu\/en\/wp-json\/wp\/v2\/posts\/1140\/revisions"}],"predecessor-version":[{"id":1141,"href":"https:\/\/www.institut-foton.eu\/en\/wp-json\/wp\/v2\/posts\/1140\/revisions\/1141"}],"wp:featuredmedia":[{"embeddable":true,"href":"https:\/\/www.institut-foton.eu\/en\/wp-json\/wp\/v2\/media\/1151"}],"wp:attachment":[{"href":"https:\/\/www.institut-foton.eu\/en\/wp-json\/wp\/v2\/media?parent=1140"}],"wp:term":[{"taxonomy":"category","embeddable":true,"href":"https:\/\/www.institut-foton.eu\/en\/wp-json\/wp\/v2\/categories?post=1140"},{"taxonomy":"post_tag","embeddable":true,"href":"https:\/\/www.institut-foton.eu\/en\/wp-json\/wp\/v2\/tags?post=1140"}],"curies":[{"name":"wp","href":"https:\/\/api.w.org\/{rel}","templated":true}]}}