{"id":1734,"date":"2023-10-05T12:48:41","date_gmt":"2023-10-05T10:48:41","guid":{"rendered":"https:\/\/www.institut-foton.eu\/?p=1734"},"modified":"2025-04-22T12:14:49","modified_gmt":"2025-04-22T10:14:49","slug":"casimir-capteurs-optiques-pour-le-suivi-de-molecules-climatiquement-actifs-dans-le-moyen-infrarouge","status":"publish","type":"post","link":"https:\/\/www.institut-foton.eu\/en\/casimir-capteurs-optiques-pour-le-suivi-de-molecules-climatiquement-actifs-dans-le-moyen-infrarouge\/","title":{"rendered":"CASIMIR : CApteurs optiques pour le SuivI de Mol\u00e9cules climatiquement actIfs dans le Moyen InfraRouge"},"content":{"rendered":"\n<div class=\"wp-block-group is-nowrap is-layout-flex wp-container-core-group-is-layout-6c531013 wp-block-group-is-layout-flex\">\n<div class=\"wp-block-group is-vertical is-layout-flex wp-container-core-group-is-layout-fe9cc265 wp-block-group-is-layout-flex\">\n<p>janvier 2018 \u2013 juillet 2019<\/p>\n\n\n\n<p>Projet <a href=\"https:\/\/www.cnrs.fr\/fr\">CNRS<\/a><\/p>\n<\/div>\n\n\n\n<hr class=\"wp-block-separator has-alpha-channel-opacity\"\/>\n\n\n\n<figure class=\"wp-block-image size-full is-resized\"><img loading=\"lazy\" decoding=\"async\" src=\"https:\/\/www.institut-foton.eu\/wp-content\/uploads\/2023\/10\/CNRS-1.jpg\" alt=\"\" class=\"wp-image-2437\" style=\"width:80px;height:80px\" width=\"80\" height=\"80\" srcset=\"https:\/\/www.institut-foton.eu\/wp-content\/uploads\/2023\/10\/CNRS-1.jpg 225w, https:\/\/www.institut-foton.eu\/wp-content\/uploads\/2023\/10\/CNRS-1-150x150.jpg 150w\" sizes=\"auto, (max-width: 80px) 100vw, 80px\" \/><\/figure>\n<\/div>\n\n\n\n<p><strong>D\u00e9veloppement d\u2019une plateforme en optique int\u00e9gr\u00e9e en verres de chalcog\u00e9nure (ChG) associant, sur un m\u00eame substrat, une source optique et un transducteur pour permettre le d\u00e9veloppement de capteurs dans le moyen infrarouge.<\/strong><\/p>\n\n\n\n<h2 class=\"wp-block-heading\">Contexte<\/h2>\n\n\n\n<p>Ce projet ouvrira la voie au d\u00e9veloppement d\u2019un nouvel outil analytique Moyen Infra-Rouge (MIR) bas\u00e9 sur des technologies innovantes pour les Technologies au service de l\u2019environnement. Ce projet contribuera \u00e0 la mise en place d\u2019un nouvel outil analytique con\u00e7u pour la surveillance sur site des contaminants environnementaux en eaux salines et eaux douces ou de gaz dans l\u2019air. Ce type de capteur peut augmenter consid\u00e9rablement la r\u00e9solution spatiale et temporelle des mesures afin d\u2019am\u00e9liorer la qualit\u00e9 de l\u2019\u00e9tude environnementale. Il vise \u00e0 d\u00e9velopper une plateforme en optique int\u00e9gr\u00e9e en verres de chalcog\u00e9nure associant, sur un m\u00eame substrat, une source optique et un transducteur pour permettre le d\u00e9veloppement de capteurs dans le moyen infra-rouge.<\/p>\n\n\n\n<h2 class=\"wp-block-heading\">Objectifs<\/h2>\n\n\n\n<p>Les objectifs de ce projet sont de d\u00e9velopper des sources lumineuses dans le Moyen InfraRouge et des transducteurs sur une m\u00eame plateforme compatible pour le moyen infrarouge.<\/p>\n\n\n\n<h2 class=\"wp-block-heading\">R\u00e9sultats majeurs<\/h2>\n\n\n\n<ul class=\"puce1 wp-block-list\">\n<li class=\"puce1\">D\u00e9monstration de la luminescence guid\u00e9e dans le moyen infrarouge (MIR) \u00e0 partir d\u2019une plateforme en verres de chalcog\u00e9nure dop\u00e9s<\/li>\n\n\n\n<li>Optimisation de la fabrication d\u2019une plateforme optique int\u00e9gr\u00e9e en ChG pr\u00e9sentant de faibles pertes optiques dans le MIR<\/li>\n\n\n\n<li>Optimisation du d\u00e9p\u00f4t de polym\u00e8res poreux afin de pr\u00e9parer la d\u00e9tection de mol\u00e9cules en phase liquide<\/li>\n<\/ul>\n\n\n\n<h2 class=\"wp-block-heading\">Retomb\u00e9es<\/h2>\n\n\n\n<p>Ce projet a permis de d\u00e9velopper les premi\u00e8res briques pour associer sur une m\u00eame plateforme un transducteur optique et une source lumineuse en optique int\u00e9gr\u00e9e compatible dans le moyen Infrarouge.<\/p>\n\n\n\n<h2 class=\"wp-block-heading\">Partenaires<\/h2>\n\n\n\n<p>Foton-SP &#8211; <a href=\"https:\/\/iscr.univ-rennes.fr\/fr\">ISCR<\/a><\/p>\n\n\n\n<h2 class=\"wp-block-heading\">Coordinateur<\/h2>\n\n\n\n<p><a href=\"https:\/\/www.institut-foton.eu\/charrier-joel\/\" data-type=\"post\" data-id=\"1436\">Jo\u00ebl CHARRIER<\/a> (Foton-SP)<\/p>\n\n\n\n<h2 class=\"wp-block-heading\">Financement<\/h2>\n\n\n\n<p><a href=\"https:\/\/www.cnrs.fr\/fr\">CNRS<\/a><\/p>\n","protected":false},"excerpt":{"rendered":"<p>janvier 2018 \u2013 juillet 2019<\/p>\n","protected":false},"author":9,"featured_media":1623,"comment_status":"closed","ping_status":"closed","sticky":false,"template":"","format":"standard","meta":{"inline_featured_image":false,"footnotes":""},"categories":[25],"tags":[111,49],"class_list":["post-1734","post","type-post","status-publish","format-standard","has-post-thumbnail","hentry","category-projets","tag-departement-sp","tag-optique-guidee-capteurs"],"translation":{"provider":"WPGlobus","version":"3.0.2","language":"en","enabled_languages":["fr","en"],"languages":{"fr":{"title":true,"content":true,"excerpt":true},"en":{"title":false,"content":false,"excerpt":false}}},"_links":{"self":[{"href":"https:\/\/www.institut-foton.eu\/en\/wp-json\/wp\/v2\/posts\/1734","targetHints":{"allow":["GET"]}}],"collection":[{"href":"https:\/\/www.institut-foton.eu\/en\/wp-json\/wp\/v2\/posts"}],"about":[{"href":"https:\/\/www.institut-foton.eu\/en\/wp-json\/wp\/v2\/types\/post"}],"author":[{"embeddable":true,"href":"https:\/\/www.institut-foton.eu\/en\/wp-json\/wp\/v2\/users\/9"}],"replies":[{"embeddable":true,"href":"https:\/\/www.institut-foton.eu\/en\/wp-json\/wp\/v2\/comments?post=1734"}],"version-history":[{"count":4,"href":"https:\/\/www.institut-foton.eu\/en\/wp-json\/wp\/v2\/posts\/1734\/revisions"}],"predecessor-version":[{"id":2438,"href":"https:\/\/www.institut-foton.eu\/en\/wp-json\/wp\/v2\/posts\/1734\/revisions\/2438"}],"wp:featuredmedia":[{"embeddable":true,"href":"https:\/\/www.institut-foton.eu\/en\/wp-json\/wp\/v2\/media\/1623"}],"wp:attachment":[{"href":"https:\/\/www.institut-foton.eu\/en\/wp-json\/wp\/v2\/media?parent=1734"}],"wp:term":[{"taxonomy":"category","embeddable":true,"href":"https:\/\/www.institut-foton.eu\/en\/wp-json\/wp\/v2\/categories?post=1734"},{"taxonomy":"post_tag","embeddable":true,"href":"https:\/\/www.institut-foton.eu\/en\/wp-json\/wp\/v2\/tags?post=1734"}],"curies":[{"name":"wp","href":"https:\/\/api.w.org\/{rel}","templated":true}]}}