{"id":1739,"date":"2023-10-05T12:59:51","date_gmt":"2023-10-05T10:59:51","guid":{"rendered":"https:\/\/www.institut-foton.eu\/?p=1739"},"modified":"2025-04-22T12:19:26","modified_gmt":"2025-04-22T10:19:26","slug":"sinblue-fonctions-optiques-integrees-sur-une-plateforme-en-nitrure-de-silicium-a-405-nm","status":"publish","type":"post","link":"https:\/\/www.institut-foton.eu\/en\/sinblue-fonctions-optiques-integrees-sur-une-plateforme-en-nitrure-de-silicium-a-405-nm\/","title":{"rendered":"SinBlue : Fonctions optiques int\u00e9gr\u00e9es sur une plateforme en Nitrure de Silicium \u00e0 405 nm"},"content":{"rendered":"\n<div class=\"wp-block-group is-nowrap is-layout-flex wp-container-core-group-is-layout-6c531013 wp-block-group-is-layout-flex\">\n<div class=\"wp-block-group is-vertical is-layout-flex wp-container-core-group-is-layout-fe9cc265 wp-block-group-is-layout-flex\">\n<p>janvier 2018 \u2013 d\u00e9cembre 2018<\/p>\n\n\n\n<p>D\u00e9fi \u00e9mergent UR1<\/p>\n<\/div>\n\n\n\n<hr class=\"wp-block-separator has-alpha-channel-opacity\"\/>\n\n\n\n<figure class=\"wp-block-image size-full is-resized\"><img loading=\"lazy\" decoding=\"async\" src=\"https:\/\/www.institut-foton.eu\/wp-content\/uploads\/2023\/10\/UNIRENNES_LOGOnoir.png\" alt=\"\" class=\"wp-image-2433\" style=\"width:214px;height:65px\" width=\"214\" height=\"65\" srcset=\"https:\/\/www.institut-foton.eu\/wp-content\/uploads\/2023\/10\/UNIRENNES_LOGOnoir.png 450w, https:\/\/www.institut-foton.eu\/wp-content\/uploads\/2023\/10\/UNIRENNES_LOGOnoir-300x91.png 300w\" sizes=\"auto, (max-width: 214px) 100vw, 214px\" \/><\/figure>\n<\/div>\n\n\n\n<p><strong>\u00c9tude du potentiel de la fili\u00e8re en Nitrure de Silicium pour le d\u00e9veloppement d\u2019une plateforme int\u00e9gr\u00e9e \u00e0 405 nm.<\/strong><\/p>\n\n\n\n<h2 class=\"wp-block-heading\">Contexte<\/h2>\n\n\n\n<p>Ce projet s\u2019inscrit dans une th\u00e9matique \u00e9mergente dans l\u2019\u00e9quipe SP de l\u2019institut Foton concernant l\u2019\u00e9tude de fonctions optiques dans la gamme bleu\/violet du spectre optique. Le Nitrure de Silicium est un mat\u00e9riau annon\u00e7ant des propri\u00e9t\u00e9s optiques int\u00e9ressantes dans le spectre visible avec des pertes inf\u00e9rieures \u00e0 1 dB\/cm laissant envisager la possibilit\u00e9 de d\u00e9velopper des fonctions optiques lin\u00e9aires et non lin\u00e9aires. Ce projet b\u00e9n\u00e9ficiera des savoir-faire du groupe OGC sur le design et la fabrication de dispositifs int\u00e9gr\u00e9s et du groupe PLA sur la caract\u00e9risation avanc\u00e9e de fonctions optiques et lasers au sein de l\u2019\u00e9quipe SP de l\u2019institut Foton \u00e0 Lannion.<\/p>\n\n\n\n<h2 class=\"wp-block-heading\">Objectifs<\/h2>\n\n\n\n<p>Le premier objectif consiste \u00e0 optimiser le processus de fabrication pour minimiser les pertes de propagation du Nitrure de Silicium \u00e0 405 nm. Dans un premier temps, des structures de type guides d\u2019onde droits et courbes seront r\u00e9alis\u00e9es. Les structures seront fabriqu\u00e9es \u00e0 l\u2019ORC de Southampton en suivant diff\u00e9rents processus. Dans un deuxi\u00e8me temps, les structures seront caract\u00e9ris\u00e9es sur les bancs de l\u2019unit\u00e9 Foton pour \u00e9valuer les pertes optiques et ainsi d\u00e9finir le meilleur processus de fabrication.<br>Le deuxi\u00e8me objectif consiste \u00e0 d\u00e9velopper des fonctions optiques \u00e9l\u00e9mentaires comme des filtres optiques ou des r\u00e9flecteurs de Bragg. Le design sera d\u00e9velopp\u00e9 conjointement au laboratoire Foton et \u00e0 l\u2019ORC. La fabrication sera r\u00e9alis\u00e9e \u00e0 l\u2019ORC et la caract\u00e9risation des structures sera effectu\u00e9e \u00e0 l\u2019Institut Foton.<br>Le troisi\u00e8me objectif consiste \u00e0 d\u00e9montrer le fonctionnement monomode d\u2019une diode laser InGaN par contre-r\u00e9action optique par un guide \u00e0 r\u00e9flecteur de Bragg en SiN. Cette \u00e9tape d\u00e9terminante d\u00e9montrera la pertinence d\u2019une plateforme hybride IV\/ III-V pour la photonique dans le visible. Cet objectif fera intervenir notre collaboration avec Laspe de l\u2019EPFL (Suisse), laboratoire sp\u00e9cialis\u00e9 dans la fabrication de structures opto\u00e9lectroniques en semi-conducteurs \u00e0 grand gap (GaN).<\/p>\n\n\n\n<h2 class=\"wp-block-heading\">Partenaires<\/h2>\n\n\n\n<p>Foton-SP &#8211; <a href=\"https:\/\/www.orc.soton.ac.uk\/\">ORC<\/a><\/p>\n\n\n\n<h2 class=\"wp-block-heading\">Coordinateur<\/h2>\n\n\n\n<p><a href=\"https:\/\/www.institut-foton.eu\/trebaol-stephane\/\" data-type=\"post\" data-id=\"1514\">St\u00e9phane TREBAOL<\/a> (Foton-SP)<\/p>\n\n\n\n<h2 class=\"wp-block-heading\">Financement<\/h2>\n\n\n\n<p>D\u00e9fi \u00e9mergent UR1 (12 k\u20ac)<\/p>\n","protected":false},"excerpt":{"rendered":"<p>janvier 2018 \u2013 d\u00e9cembre 2018<\/p>\n","protected":false},"author":9,"featured_media":1740,"comment_status":"closed","ping_status":"closed","sticky":false,"template":"","format":"standard","meta":{"inline_featured_image":false,"footnotes":""},"categories":[25],"tags":[111,49,50],"class_list":["post-1739","post","type-post","status-publish","format-standard","has-post-thumbnail","hentry","category-projets","tag-departement-sp","tag-optique-guidee-capteurs","tag-lasers-applications-communications-optiques"],"translation":{"provider":"WPGlobus","version":"3.0.2","language":"en","enabled_languages":["fr","en"],"languages":{"fr":{"title":true,"content":true,"excerpt":true},"en":{"title":false,"content":false,"excerpt":false}}},"_links":{"self":[{"href":"https:\/\/www.institut-foton.eu\/en\/wp-json\/wp\/v2\/posts\/1739","targetHints":{"allow":["GET"]}}],"collection":[{"href":"https:\/\/www.institut-foton.eu\/en\/wp-json\/wp\/v2\/posts"}],"about":[{"href":"https:\/\/www.institut-foton.eu\/en\/wp-json\/wp\/v2\/types\/post"}],"author":[{"embeddable":true,"href":"https:\/\/www.institut-foton.eu\/en\/wp-json\/wp\/v2\/users\/9"}],"replies":[{"embeddable":true,"href":"https:\/\/www.institut-foton.eu\/en\/wp-json\/wp\/v2\/comments?post=1739"}],"version-history":[{"count":4,"href":"https:\/\/www.institut-foton.eu\/en\/wp-json\/wp\/v2\/posts\/1739\/revisions"}],"predecessor-version":[{"id":8084,"href":"https:\/\/www.institut-foton.eu\/en\/wp-json\/wp\/v2\/posts\/1739\/revisions\/8084"}],"wp:featuredmedia":[{"embeddable":true,"href":"https:\/\/www.institut-foton.eu\/en\/wp-json\/wp\/v2\/media\/1740"}],"wp:attachment":[{"href":"https:\/\/www.institut-foton.eu\/en\/wp-json\/wp\/v2\/media?parent=1739"}],"wp:term":[{"taxonomy":"category","embeddable":true,"href":"https:\/\/www.institut-foton.eu\/en\/wp-json\/wp\/v2\/categories?post=1739"},{"taxonomy":"post_tag","embeddable":true,"href":"https:\/\/www.institut-foton.eu\/en\/wp-json\/wp\/v2\/tags?post=1739"}],"curies":[{"name":"wp","href":"https:\/\/api.w.org\/{rel}","templated":true}]}}