{"id":1754,"date":"2023-10-05T13:21:01","date_gmt":"2023-10-05T11:21:01","guid":{"rendered":"https:\/\/www.institut-foton.eu\/?p=1754"},"modified":"2025-04-22T12:19:20","modified_gmt":"2025-04-22T10:19:20","slug":"smoke-systeme-embarque-de-mesure-optique-des-gaz-de-combustion-du-kerosene","status":"publish","type":"post","link":"https:\/\/www.institut-foton.eu\/en\/smoke-systeme-embarque-de-mesure-optique-des-gaz-de-combustion-du-kerosene\/","title":{"rendered":"SMOKE : Syst\u00e8me embarqu\u00e9 de Mesure Optique des gaz de combustion du KEros\u00e8ne"},"content":{"rendered":"\n<div class=\"wp-block-group is-nowrap is-layout-flex wp-container-core-group-is-layout-6c531013 wp-block-group-is-layout-flex\">\n<div class=\"wp-block-group is-vertical is-layout-flex wp-container-core-group-is-layout-fe9cc265 wp-block-group-is-layout-flex\">\n<p>novembre 2017 \u2013 octobre 2020<\/p>\n\n\n\n<p>Projet CIFRE <a href=\"https:\/\/www.anrt.asso.fr\/fr\">ANRT<\/a><\/p>\n<\/div>\n\n\n\n<hr class=\"wp-block-separator has-alpha-channel-opacity\"\/>\n\n\n\n<figure class=\"wp-block-image size-full is-resized\"><img loading=\"lazy\" decoding=\"async\" src=\"https:\/\/www.institut-foton.eu\/wp-content\/uploads\/2023\/10\/logo-cifre.png\" alt=\"\" class=\"wp-image-2430\" style=\"width:221px;height:84px\" width=\"221\" height=\"84\"\/><\/figure>\n<\/div>\n\n\n\n<p><strong>\u00c9tude d\u2019un capteur de gaz de combustion du k\u00e9ros\u00e8ne en milieu s\u00e9v\u00e8re tel que la sortie de moteur d\u2019avion.<\/strong><\/p>\n\n\n\n<h2 class=\"wp-block-heading\">Contexte<\/h2>\n\n\n\n<p>La soci\u00e9t\u00e9 Souriau, groupe international reconnu pour ses solutions de connectique en milieu s\u00e9v\u00e8re propose un travail collaboratif avec l\u2019Institut Foton dans le cadre d\u2019une th\u00e8se CIFRE subventionn\u00e9e par l\u2019ANRT. Le march\u00e9 des capteurs optiques dans le domaine de l\u2019Infra Rouge proche et moyen est en plein d\u00e9veloppement pour les domaines soci\u00e9taux de l\u2019environnement, de la biologie, du m\u00e9dical et de l\u2019industrie. Le projet porte sur l\u2019\u00e9tude d\u2019un Syst\u00e8me de Mesure Optique des gaz de combustion du KEros\u00e8ne pour des applications a\u00e9ronautiques. Les contraintes s\u00e9v\u00e8res en particulier en temp\u00e9rature auxquelles le capteur vis\u00e9 devra r\u00e9sister constitue l\u2019enjeu majeur de ce travail scientifique.<\/p>\n\n\n\n<h2 class=\"wp-block-heading\">Objectifs<\/h2>\n\n\n\n<p>L\u2019enjeu principal de la th\u00e8se sera de concevoir le capteur, r\u00e9aliser un banc de mesures et tester ce capteur optique.<\/p>\n\n\n\n<h2 class=\"wp-block-heading\">Production scientifique<\/h2>\n\n\n\n<div class=\"wp-block-group is-nowrap is-layout-flex wp-container-core-group-is-layout-6c531013 wp-block-group-is-layout-flex\">\n<p>Voir dans HAL<\/p>\n\n\n\n<figure class=\"wp-block-image size-full is-resized\"><a href=\"https:\/\/hal.science\/search\/index\/?qa%5Bcollaboration_t%5D%5B%5D=smoke\"><img loading=\"lazy\" decoding=\"async\" src=\"https:\/\/www.institut-foton.eu\/wp-content\/uploads\/2023\/10\/HAL_Logotype_2021.png\" alt=\"\" class=\"wp-image-1365\" style=\"width:109px;height:40px\" width=\"109\" height=\"40\" srcset=\"https:\/\/www.institut-foton.eu\/wp-content\/uploads\/2023\/10\/HAL_Logotype_2021.png 949w, https:\/\/www.institut-foton.eu\/wp-content\/uploads\/2023\/10\/HAL_Logotype_2021-300x110.png 300w, https:\/\/www.institut-foton.eu\/wp-content\/uploads\/2023\/10\/HAL_Logotype_2021-768x282.png 768w\" sizes=\"auto, (max-width: 109px) 100vw, 109px\" \/><\/a><\/figure>\n<\/div>\n\n\n\n<h2 class=\"wp-block-heading\">Partenaires<\/h2>\n\n\n\n<p><a href=\"https:\/\/usa.souriau.com\/en-en\">Souriau<\/a> &#8211; Foton-SP<\/p>\n\n\n\n<h2 class=\"wp-block-heading\">Coordinateur<\/h2>\n\n\n\n<p>S\u00e9bastien CLAUDOT (<a href=\"https:\/\/usa.souriau.com\/en-en\">Souriau<\/a>) \/ <a href=\"https:\/\/www.institut-foton.eu\/thual-monique\/\" data-type=\"post\" data-id=\"1513\">Monique THUAL<\/a> (Foton-SP)<\/p>\n\n\n\n<h2 class=\"wp-block-heading\">Financement<\/h2>\n\n\n\n<p>CIFRE <a href=\"https:\/\/www.anrt.asso.fr\/fr\">ANRT<\/a> \/ <a href=\"https:\/\/usa.souriau.com\/en-en\">Souriau<\/a><\/p>\n","protected":false},"excerpt":{"rendered":"<p>novembre 2017 \u2013 octobre 2020<\/p>\n","protected":false},"author":9,"featured_media":1755,"comment_status":"closed","ping_status":"closed","sticky":false,"template":"","format":"standard","meta":{"inline_featured_image":false,"footnotes":""},"categories":[25],"tags":[111,49],"class_list":["post-1754","post","type-post","status-publish","format-standard","has-post-thumbnail","hentry","category-projets","tag-departement-sp","tag-optique-guidee-capteurs"],"translation":{"provider":"WPGlobus","version":"3.0.2","language":"en","enabled_languages":["fr","en"],"languages":{"fr":{"title":true,"content":true,"excerpt":true},"en":{"title":false,"content":false,"excerpt":false}}},"_links":{"self":[{"href":"https:\/\/www.institut-foton.eu\/en\/wp-json\/wp\/v2\/posts\/1754","targetHints":{"allow":["GET"]}}],"collection":[{"href":"https:\/\/www.institut-foton.eu\/en\/wp-json\/wp\/v2\/posts"}],"about":[{"href":"https:\/\/www.institut-foton.eu\/en\/wp-json\/wp\/v2\/types\/post"}],"author":[{"embeddable":true,"href":"https:\/\/www.institut-foton.eu\/en\/wp-json\/wp\/v2\/users\/9"}],"replies":[{"embeddable":true,"href":"https:\/\/www.institut-foton.eu\/en\/wp-json\/wp\/v2\/comments?post=1754"}],"version-history":[{"count":4,"href":"https:\/\/www.institut-foton.eu\/en\/wp-json\/wp\/v2\/posts\/1754\/revisions"}],"predecessor-version":[{"id":8083,"href":"https:\/\/www.institut-foton.eu\/en\/wp-json\/wp\/v2\/posts\/1754\/revisions\/8083"}],"wp:featuredmedia":[{"embeddable":true,"href":"https:\/\/www.institut-foton.eu\/en\/wp-json\/wp\/v2\/media\/1755"}],"wp:attachment":[{"href":"https:\/\/www.institut-foton.eu\/en\/wp-json\/wp\/v2\/media?parent=1754"}],"wp:term":[{"taxonomy":"category","embeddable":true,"href":"https:\/\/www.institut-foton.eu\/en\/wp-json\/wp\/v2\/categories?post=1754"},{"taxonomy":"post_tag","embeddable":true,"href":"https:\/\/www.institut-foton.eu\/en\/wp-json\/wp\/v2\/tags?post=1754"}],"curies":[{"name":"wp","href":"https:\/\/api.w.org\/{rel}","templated":true}]}}