{"id":1770,"date":"2023-10-05T14:33:34","date_gmt":"2023-10-05T12:33:34","guid":{"rendered":"https:\/\/www.institut-foton.eu\/?p=1770"},"modified":"2025-04-22T12:19:05","modified_gmt":"2025-04-22T10:19:05","slug":"ultrasensel-capteur-optoelectrique-integre-ultrasensible-aux-champs-electriques","status":"publish","type":"post","link":"https:\/\/www.institut-foton.eu\/en\/ultrasensel-capteur-optoelectrique-integre-ultrasensible-aux-champs-electriques\/","title":{"rendered":"ULTRASENSEL : Capteur optoelectrique int\u00e9gr\u00e9 ULTRASENSible aux champs ELectriques"},"content":{"rendered":"\n<div class=\"wp-block-group is-nowrap is-layout-flex wp-container-core-group-is-layout-6c531013 wp-block-group-is-layout-flex\">\n<div class=\"wp-block-group is-vertical is-layout-flex wp-container-core-group-is-layout-fe9cc265 wp-block-group-is-layout-flex\">\n<p>juin 2017 \u2013 d\u00e9cembre 2018<\/p>\n\n\n\n<p>Projet <a href=\"https:\/\/www.cnrs.fr\/fr\">CNRS<\/a> \/ <a href=\"https:\/\/www.defense.gouv.fr\/dga\">DGA<\/a><\/p>\n<\/div>\n\n\n\n<hr class=\"wp-block-separator has-alpha-channel-opacity\"\/>\n\n\n\n<figure class=\"wp-block-image size-full is-resized\"><img loading=\"lazy\" decoding=\"async\" src=\"https:\/\/www.institut-foton.eu\/wp-content\/uploads\/2023\/10\/CNRS.jpg\" alt=\"\" class=\"wp-image-1623\" style=\"object-fit:cover;width:92px;height:92px\" width=\"92\" height=\"92\" srcset=\"https:\/\/www.institut-foton.eu\/wp-content\/uploads\/2023\/10\/CNRS.jpg 225w, https:\/\/www.institut-foton.eu\/wp-content\/uploads\/2023\/10\/CNRS-150x150.jpg 150w\" sizes=\"auto, (max-width: 92px) 100vw, 92px\" \/><\/figure>\n\n\n\n<hr class=\"wp-block-separator has-alpha-channel-opacity\"\/>\n\n\n\n<figure class=\"wp-block-image size-full is-resized\"><img loading=\"lazy\" decoding=\"async\" src=\"https:\/\/www.institut-foton.eu\/wp-content\/uploads\/2023\/10\/Logo_DirectionGeneraleArmement.png\" alt=\"\" class=\"wp-image-2421\" style=\"width:82px;height:91px\" width=\"82\" height=\"91\" srcset=\"https:\/\/www.institut-foton.eu\/wp-content\/uploads\/2023\/10\/Logo_DirectionGeneraleArmement.png 431w, https:\/\/www.institut-foton.eu\/wp-content\/uploads\/2023\/10\/Logo_DirectionGeneraleArmement-271x300.png 271w\" sizes=\"auto, (max-width: 82px) 100vw, 82px\" \/><\/figure>\n<\/div>\n\n\n\n<p><strong>\u00c9tude et la r\u00e9alisation d\u2019un d\u00e9tecteur tout polym\u00e8re int\u00e9gr\u00e9 et ultrasensible aux champs \u00e9lectriques \u00e0 base de modulateurs \u00e9lectro-optiques permettant la d\u00e9tection d\u2019ondes \u00e9lectromagn\u00e9tiques dans le domaine des (radio et hyper)fr\u00e9quences.<\/strong><\/p>\n\n\n\n<h2 class=\"wp-block-heading\">Contexte<\/h2>\n\n\n\n<p>La probl\u00e9matique principale est la d\u00e9tection de tr\u00e8s faibles signaux \u00e9lectriques, notamment en ce qui concerne ce projet, dans le domaine des ondes centim\u00e9triques et millim\u00e9triques. Les domaines d\u2019application de ce type de capteurs peuvent \u00eatre tr\u00e8s nombreux allant de la d\u00e9tection de tr\u00e8s faibles signaux dans le corps humain (domaine m\u00e9dical) \u00e0 la d\u00e9tection de signaux des syst\u00e8mes de communications en passant par celle des signaux \u00ab furtifs \u00bb dans le domaine militaire. En effet, pour ce dernier cas, la furtivit\u00e9 des signaux \u00e9mis peut souvent \u00eatre bas\u00e9e sur l\u2019envoi de signaux tr\u00e8s directifs dans des directions connues seulement par quelques personnes. Ces signaux sont de ce fait tr\u00e8s faibles dans les autres directions les rendant quasi ind\u00e9tectables. Le fait d\u2019augmenter la sensibilit\u00e9 des capteurs permet la distinction de ces signaux sur un angle solide plus important, donnant ainsi une chance plus importante de les d\u00e9tecter et de les traiter par la suite.<\/p>\n\n\n\n<p>Dans ce projet nous proposons l\u2019\u00e9tude exploratoire et la r\u00e9alisation d\u2019un d\u00e9tecteur tout polym\u00e8re int\u00e9gr\u00e9 et sensible aux champs \u00e9lectriques \u00e0 base de modulateurs \u00e9lectro-optiques permettant la d\u00e9tection d\u2019ondes \u00e9lectromagn\u00e9tiques dans le domaine des (radio et hyper)fr\u00e9quences. Le principe de fonctionnement d\u2019un tel capteur repose sur l\u2019effet \u00e9lectro-optique, l\u2019onde \u00e9lectrique re\u00e7ue induira un faible changement au niveau de l\u2019indice de r\u00e9fraction du mat\u00e9riau \u00e9lectro-optique. Cette faible variation d\u2019indice est transform\u00e9e en signal optique lumineux \u00e0 l\u2019aide d\u2019un micror\u00e9sonateur optique convertissant la modulation de phase en modulation d\u2019intensit\u00e9. La tr\u00e8s grande sensibilit\u00e9 (au moins 150dB\/Hz) sera apport\u00e9e d\u2019une part par la partie optique non-lin\u00e9aire r\u00e9sonante (miro-r\u00e9sonateur r\u00e9alis\u00e9 avec un polym\u00e8re non lin\u00e9aire) dont les param\u00e8tres principaux sont le facteur de qualit\u00e9 et l\u2019indice non lin\u00e9aire du mat\u00e9riau et d\u2019autre part par l\u2019utilisation d\u2019une antenne tout di\u00e9lectrique r\u00e9sonante qui d\u00e9pend de la permittivit\u00e9 du mat\u00e9riau utilis\u00e9. Par ailleurs, une largeur de bande de fr\u00e9quences d\u2019au moins 80 GHz pourra \u00eatre atteinte gr\u00e2ce \u00e0 l\u2019utilisation de mat\u00e9riaux organiques \u00e9lectro-optiques. Enfin, la gamme dynamique instantan\u00e9e vis\u00e9e est 140 dB\/Hz.<\/p>\n\n\n\n<h2 class=\"wp-block-heading\">Objectifs<\/h2>\n\n\n\n<ul class=\"puce1 wp-block-list\">\n<li>R\u00e9alisation de micror\u00e9sonateur \u00e0 base de mat\u00e9riaux non lin\u00e8aires<\/li>\n\n\n\n<li>D\u00e9veloppement d\u2019antenne d\u2019hyperfr\u00e9quence<\/li>\n<\/ul>\n\n\n\n<h2 class=\"wp-block-heading\">R\u00e9sultats majeurs<\/h2>\n\n\n\n<ul class=\"puce1 wp-block-list\">\n<li>Obtention des 2 briques de base pour le capteur : micror\u00e9sonateur int\u00e9gr\u00e9 et antennes : Obtention de motifs avec un polym\u00e8re EO commercial (P(MMA-co-KEM)) Q&nbsp;10000 et Impression 3D de l\u2019antenne hyperfr\u00e9quence G&nbsp;7dB<\/li>\n\n\n\n<li>Assemblage des 2 briques<\/li>\n<\/ul>\n\n\n\n<h2 class=\"wp-block-heading\">Retomb\u00e9es<\/h2>\n\n\n\n<p>Projet d\u00e9pos\u00e9 en projet ASTRID en 2020<\/p>\n\n\n\n<h2 class=\"wp-block-heading\">Partenaires<\/h2>\n\n\n\n<p>Foton-SP &#8211; <a href=\"https:\/\/labsticc.fr\/fr\">Lab-STICC<\/a><\/p>\n\n\n\n<h2 class=\"wp-block-heading\">Coordinateur<\/h2>\n\n\n\n<p><a href=\"https:\/\/labsticc.fr\/fr\">Lab-STICC<\/a><\/p>\n\n\n\n<p>Responsable scientifique Foton-SP: <a href=\"https:\/\/www.institut-foton.eu\/charrier-joel\/\" data-type=\"post\" data-id=\"1436\">Jo\u00ebl CHARRIER<\/a><\/p>\n\n\n\n<h2 class=\"wp-block-heading\">Financement<\/h2>\n\n\n\n<p><a href=\"https:\/\/www.cnrs.fr\/fr\">CNRS<\/a> \/ <a href=\"https:\/\/www.defense.gouv.fr\/dga\">DGA<\/a><\/p>\n","protected":false},"excerpt":{"rendered":"<p>juin 2017 \u2013 d\u00e9cembre 2018<\/p>\n","protected":false},"author":9,"featured_media":1771,"comment_status":"closed","ping_status":"closed","sticky":false,"template":"","format":"standard","meta":{"inline_featured_image":false,"footnotes":""},"categories":[25],"tags":[111,49],"class_list":["post-1770","post","type-post","status-publish","format-standard","has-post-thumbnail","hentry","category-projets","tag-departement-sp","tag-optique-guidee-capteurs"],"translation":{"provider":"WPGlobus","version":"3.0.2","language":"en","enabled_languages":["fr","en"],"languages":{"fr":{"title":true,"content":true,"excerpt":true},"en":{"title":false,"content":false,"excerpt":false}}},"_links":{"self":[{"href":"https:\/\/www.institut-foton.eu\/en\/wp-json\/wp\/v2\/posts\/1770","targetHints":{"allow":["GET"]}}],"collection":[{"href":"https:\/\/www.institut-foton.eu\/en\/wp-json\/wp\/v2\/posts"}],"about":[{"href":"https:\/\/www.institut-foton.eu\/en\/wp-json\/wp\/v2\/types\/post"}],"author":[{"embeddable":true,"href":"https:\/\/www.institut-foton.eu\/en\/wp-json\/wp\/v2\/users\/9"}],"replies":[{"embeddable":true,"href":"https:\/\/www.institut-foton.eu\/en\/wp-json\/wp\/v2\/comments?post=1770"}],"version-history":[{"count":3,"href":"https:\/\/www.institut-foton.eu\/en\/wp-json\/wp\/v2\/posts\/1770\/revisions"}],"predecessor-version":[{"id":8081,"href":"https:\/\/www.institut-foton.eu\/en\/wp-json\/wp\/v2\/posts\/1770\/revisions\/8081"}],"wp:featuredmedia":[{"embeddable":true,"href":"https:\/\/www.institut-foton.eu\/en\/wp-json\/wp\/v2\/media\/1771"}],"wp:attachment":[{"href":"https:\/\/www.institut-foton.eu\/en\/wp-json\/wp\/v2\/media?parent=1770"}],"wp:term":[{"taxonomy":"category","embeddable":true,"href":"https:\/\/www.institut-foton.eu\/en\/wp-json\/wp\/v2\/categories?post=1770"},{"taxonomy":"post_tag","embeddable":true,"href":"https:\/\/www.institut-foton.eu\/en\/wp-json\/wp\/v2\/tags?post=1770"}],"curies":[{"name":"wp","href":"https:\/\/api.w.org\/{rel}","templated":true}]}}