{"id":2405,"date":"2014-10-01T18:05:00","date_gmt":"2014-10-01T16:05:00","guid":{"rendered":"https:\/\/www.institut-foton.eu\/?p=2405"},"modified":"2025-04-22T12:20:29","modified_gmt":"2025-04-22T10:20:29","slug":"mustang-%ce%bc-resonateurs-a-base-de-phosphure-de-gallium-pour-lintegration-photonique","status":"publish","type":"post","link":"https:\/\/www.institut-foton.eu\/en\/mustang-%ce%bc-resonateurs-a-base-de-phosphure-de-gallium-pour-lintegration-photonique\/","title":{"rendered":"MuSTANG : \u03bc-r\u00e9sonateurs \u00e0 base de phosphure de gallium pour l\u2019int\u00e9gration photonique"},"content":{"rendered":"\n<div class=\"wp-block-group is-nowrap is-layout-flex wp-container-core-group-is-layout-6c531013 wp-block-group-is-layout-flex\">\n<div class=\"wp-block-group is-vertical is-layout-flex wp-container-core-group-is-layout-fe9cc265 wp-block-group-is-layout-flex\">\n<p>octobre 2014 \u2013 septembre 2016<\/p>\n\n\n\n<p>Projet AIS Rennes M\u00e9tropole<\/p>\n<\/div>\n\n\n\n<hr class=\"wp-block-separator has-alpha-channel-opacity\"\/>\n\n\n\n<figure class=\"wp-block-image size-full is-resized\"><img loading=\"lazy\" decoding=\"async\" src=\"https:\/\/www.institut-foton.eu\/wp-content\/uploads\/2023\/10\/Rennes-metropole-1.png\" alt=\"\" class=\"wp-image-2408\" style=\"width:218px;height:72px\" width=\"218\" height=\"72\" srcset=\"https:\/\/www.institut-foton.eu\/wp-content\/uploads\/2023\/10\/Rennes-metropole-1.png 390w, https:\/\/www.institut-foton.eu\/wp-content\/uploads\/2023\/10\/Rennes-metropole-1-300x99.png 300w\" sizes=\"auto, (max-width: 218px) 100vw, 218px\" \/><\/figure>\n<\/div>\n\n\n\n<p><strong>Propri\u00e9t\u00e9s optiques non lin\u00e9aires de r\u00e9sonateurs microdisques et lasers \u00e0 phosphure de gallium en vue de leur int\u00e9gration future sur des puces de silicium compatibles CMOS.<\/strong><\/p>\n\n\n\n<h2 class=\"wp-block-heading\">Contexte<\/h2>\n\n\n\n<p>Alors que la demande au niveau du traitement de l\u2019information ne cesse de croitre, les limites des microprocesseurs (MPs) sont progressivement atteintes. Cela ne vient pas des c\u0153urs des MPs eux-m\u00eames mais plut\u00f4t des pertes d\u2019\u00e9nergie dans les interconnexions \u00e9lectriques. La photonique pourrait r\u00e9pondre \u00e0 cette probl\u00e9matique avec le d\u00e9veloppement de MPs hybrides o\u00f9 la lumi\u00e8re est utilis\u00e9e pour transf\u00e9rer des informations au sein m\u00eame des MPs. Pour l\u2019heure, l\u2019un des \u00e9l\u00e9ments essentiels de ces nouveaux MPs reste inaccessible: des micro-lasers int\u00e9gr\u00e9s sur silicium, compatibles CMOS et \u00e9nerg\u00e9tiquement sobres. Un enjeu majeur de ce domaine r\u00e9side dans le choix du mat\u00e9riau pour leur r\u00e9alisation. Contrairement \u00e0 la plupart des laboratoires de recherche qui se concentrent sur des dispositifs \u00e0 base de silicium ou sur l\u2019int\u00e9gration photonique h\u00e9t\u00e9rog\u00e8ne, le projet Mustang propose d\u2019explorer les propri\u00e9t\u00e9s optiques de micror\u00e9sonateurs r\u00e9alis\u00e9s par int\u00e9gration III-V pseudomorphique sur silicium. Nous allons \u00e9tudier plus pr\u00e9cis\u00e9ment les non-lin\u00e9arit\u00e9s optiques de microdisques de phosphure de gallium (GaP) \u00e9pitaxi\u00e9 sur silicium pour leur application potentielle comme sources laser, m\u00e9moires optiques, portes, filtres accordables, etc.<\/p>\n\n\n\n<h2 class=\"wp-block-heading\">Objectifs<\/h2>\n\n\n\n<p>Le projet Mustang a deux objectifs principaux :<\/p>\n\n\n\n<ul class=\"puce1 wp-block-list\">\n<li>Le premier objectif consiste au d\u00e9veloppement technologique de microdisques \u00e0 base de GaP. Plusieurs voies seront abord\u00e9es telles que l\u2019optimisation du confinement optique dans ces structures, l\u2019accord des modes optiques, le d\u00e9veloppement de solutions de couplage int\u00e9gr\u00e9es et adapt\u00e9es \u00e0 bande interdite large de GaP et bien s\u00fbr l\u2019optimisation des microdisques de GaP crus sur silicium.<\/li>\n\n\n\n<li>Le deuxi\u00e8me objectif consiste \u00e0 l\u2019investigation des non-lin\u00e9arit\u00e9s optiques de second ordre tels que la g\u00e9n\u00e9ration de seconde harmonique et la conversion param\u00e9trique dans les microdisques GaP. A cette fin, un dispositif exp\u00e9rimental sera d\u00e9velopp\u00e9 pour coupler les r\u00e9sonateurs \u00e0 des fibres effil\u00e9es pour l\u2019injection et la d\u00e9tection de signaux optiques \u00e0 des fr\u00e9quences diff\u00e9rentes. La ma\u00eetrise des non-lin\u00e9arit\u00e9s optiques dans les microdisques de GaP, coupl\u00e9es avec des propri\u00e9t\u00e9s d\u2019\u00e9mission laser, pourrait alors conduire au d\u00e9veloppement de nouvelles fonctionnalit\u00e9s photoniques sur silicium.<\/li>\n<\/ul>\n\n\n\n<h2 class=\"wp-block-heading\">Production scientifique<\/h2>\n\n\n\n<div class=\"wp-block-group is-nowrap is-layout-flex wp-container-core-group-is-layout-6c531013 wp-block-group-is-layout-flex\">\n<p>Voir dans HAL<\/p>\n\n\n\n<figure class=\"wp-block-image size-full is-resized\"><a href=\"https:\/\/hal.science\/search\/index\/?qa%5Bcollaboration_t%5D%5B%5D=mustang\"><img loading=\"lazy\" decoding=\"async\" src=\"https:\/\/www.institut-foton.eu\/wp-content\/uploads\/2023\/10\/HAL_Logotype_2021.png\" alt=\"\" class=\"wp-image-1365\" style=\"width:109px;height:40px\" width=\"109\" height=\"40\" srcset=\"https:\/\/www.institut-foton.eu\/wp-content\/uploads\/2023\/10\/HAL_Logotype_2021.png 949w, https:\/\/www.institut-foton.eu\/wp-content\/uploads\/2023\/10\/HAL_Logotype_2021-300x110.png 300w, https:\/\/www.institut-foton.eu\/wp-content\/uploads\/2023\/10\/HAL_Logotype_2021-768x282.png 768w\" sizes=\"auto, (max-width: 109px) 100vw, 109px\" \/><\/a><\/figure>\n<\/div>\n\n\n\n<h2 class=\"wp-block-heading\">Partenaires<\/h2>\n\n\n\n<p>Foton-OHM &#8211; Foton-SP<\/p>\n\n\n\n<h2 class=\"wp-block-heading\">Coordinateur<\/h2>\n\n\n\n<p><a href=\"https:\/\/www.institut-foton.eu\/leger-yoan\/\" data-type=\"post\" data-id=\"1477\">Yoan LEGER<\/a> (Foton-OHM)<\/p>\n\n\n\n<p>Responsable scientifique Foton-SP: <a href=\"https:\/\/www.institut-foton.eu\/dumeige-yannick\/\" data-type=\"post\" data-id=\"1444\">Yannick DUMEIGE<\/a><\/p>\n\n\n\n<h2 class=\"wp-block-heading\">Financement<\/h2>\n\n\n\n<p>Rennes M\u00e9tropole (40 k\u20ac)<\/p>\n","protected":false},"excerpt":{"rendered":"<p>octobre 2014 \u2013 septembre 2016<br \/>\nCoordinateur iFOTON: Yoan LEGER<\/p>\n","protected":false},"author":9,"featured_media":2406,"comment_status":"closed","ping_status":"closed","sticky":false,"template":"","format":"standard","meta":{"inline_featured_image":false,"footnotes":""},"categories":[25],"tags":[111,42],"class_list":["post-2405","post","type-post","status-publish","format-standard","has-post-thumbnail","hentry","category-projets","tag-departement-sp","tag-iii-v-sur-si"],"translation":{"provider":"WPGlobus","version":"3.0.2","language":"en","enabled_languages":["fr","en"],"languages":{"fr":{"title":true,"content":true,"excerpt":true},"en":{"title":false,"content":false,"excerpt":false}}},"_links":{"self":[{"href":"https:\/\/www.institut-foton.eu\/en\/wp-json\/wp\/v2\/posts\/2405","targetHints":{"allow":["GET"]}}],"collection":[{"href":"https:\/\/www.institut-foton.eu\/en\/wp-json\/wp\/v2\/posts"}],"about":[{"href":"https:\/\/www.institut-foton.eu\/en\/wp-json\/wp\/v2\/types\/post"}],"author":[{"embeddable":true,"href":"https:\/\/www.institut-foton.eu\/en\/wp-json\/wp\/v2\/users\/9"}],"replies":[{"embeddable":true,"href":"https:\/\/www.institut-foton.eu\/en\/wp-json\/wp\/v2\/comments?post=2405"}],"version-history":[{"count":2,"href":"https:\/\/www.institut-foton.eu\/en\/wp-json\/wp\/v2\/posts\/2405\/revisions"}],"predecessor-version":[{"id":6332,"href":"https:\/\/www.institut-foton.eu\/en\/wp-json\/wp\/v2\/posts\/2405\/revisions\/6332"}],"wp:featuredmedia":[{"embeddable":true,"href":"https:\/\/www.institut-foton.eu\/en\/wp-json\/wp\/v2\/media\/2406"}],"wp:attachment":[{"href":"https:\/\/www.institut-foton.eu\/en\/wp-json\/wp\/v2\/media?parent=2405"}],"wp:term":[{"taxonomy":"category","embeddable":true,"href":"https:\/\/www.institut-foton.eu\/en\/wp-json\/wp\/v2\/categories?post=2405"},{"taxonomy":"post_tag","embeddable":true,"href":"https:\/\/www.institut-foton.eu\/en\/wp-json\/wp\/v2\/tags?post=2405"}],"curies":[{"name":"wp","href":"https:\/\/api.w.org\/{rel}","templated":true}]}}