{"id":3609,"date":"2005-09-01T00:00:00","date_gmt":"2005-08-31T22:00:00","guid":{"rendered":"https:\/\/www.institut-foton.eu\/guezo-maud-2\/"},"modified":"2026-04-28T14:32:46","modified_gmt":"2026-04-28T12:32:46","slug":"guezo-maud","status":"publish","type":"post","link":"https:\/\/www.institut-foton.eu\/en\/guezo-maud\/","title":{"rendered":"GUEZO Maud"},"content":{"rendered":"\r\n\r\n<figure class=\"wp-block-image size-large is-resized is-style-rounded\"><img loading=\"lazy\" decoding=\"async\" src=\"\/wp-content\/uploads\/Personnels\/guezo_maud.jpg\" alt=\"GUEZO Maud\" class=\"wp-image-293\" style=\"object-fit:cover;width:192px;height:200px\" width=\"192\" height=\"200\"\/><\/figure>\r\n\r\n\r\n\r\n<p>Associate Professor <\/p>\r\n\r\n\r\n\r\n<p>Team:    <\/p>\r\n\r\n\r\n\r\n<p><\/p>\r\n\r\n\r\n\r\n\r\n\r\n<p><\/p>\r\n\r\n\r\n\r\n<h2 class=\"wp-block-heading\">Contact<\/h2>\r\n\r\n\r\n\r\n<p><strong>\u260e<\/strong> (+33)2&nbsp;23&nbsp;23&nbsp;82&nbsp;97<\/p>\r\n\r\n\r\n\r\n<p><strong>@<\/strong> maud.guezo@insa-rennes.fr<\/p>\r\n\r\n\r\n\r\n<p>Building 10 &#8211; Office 119<\/p>\r\n\r\n\r\n\r\n<p><strong>\ud83d\udd83<\/strong> INSA<br\/>20 avenue des Buttes de Co\u00ebsmes<br\/>CS 70839<br\/>35708 Rennes Cedex 7<\/p>\r\n\r\n\r\n\r\n\r\n<h2 class='wp-block-heading'>Publications<\/h2><div class=\"wp-block-columns is-layout-flex wp-container-core-columns-is-layout-28f84493 wp-block-columns-is-layout-flex\"><div class=\"wp-block-column is-layout-flow wp-block-column-is-layout-flow\"><figure class='wp-block-image size-medium'><a href='https:\/\/scholar.google.com\/citations?user=DtedovsAAAAJ'><img src='\/wp-content\/uploads\/2023\/10\/logo_googlescholar.webp' alt='Google Scholar' \/><\/a><\/figure><\/div><div class=\"wp-block-column is-layout-flow wp-block-column-is-layout-flow\"><figure class='wp-block-image size-medium'><a href='https:\/\/www.researchgate.net\/profile\/DtedovsAAAAJ'><img src='\/wp-content\/uploads\/2023\/10\/logo_researchgate.webp' alt='ResearchGate' \/><\/a><\/figure><\/div><div class=\"wp-block-column is-layout-flow wp-block-column-is-layout-flow\"><figure class='wp-block-image size-medium'><a href='https:\/\/cv.hal.science\/maud-guezo'><img src='\/wp-content\/uploads\/2023\/10\/logo_hal.webp' alt='HAL' \/><\/a><\/figure><\/div><\/div><div id=\"wphal-content\"><div id=\"meta\">\n        <div class=\"display\" id=\"wphal-contact\" style=\"display: none\">\n            <h3 class=\"wphal-titre\">Contact<\/h3>\n\n            <ul id=\"wphal-cont\" style=\"list-style-type: none\"><div class=\"wphal-infocontact\" id=\"wphal-infocontact0\"><li class=\"wphal-fullname\"><span>Nom : <\/span><span>Maud Guezo<\/span><\/li><li class=\"wphal-idhal\"><span>IdHAL : <\/span><span>maud-guezo<\/span><\/li><li class=\"wphal-\"><span>IdRef : <\/span><span><a href=\"https:\/\/www.idref.fr\/082623643\" target=\"_blank\">082623643<\/a> ,<\/span><\/li><\/div><\/ul>\n        <\/div>\n        <div class=\"display\" id=\"wphal-disciplines\" style=\"display: none\">\n            <h3 class=\"wphal-titre\">Disciplines<\/h3><\/div>\n        <div class=\"display\" id=\"wphal-keywords\" style=\"display: none\">\n            <h3 class=\"wphal-titre\">Mots-clefs<\/h3><\/div>\n        <div class=\"display\" id=\"wphal-auteurs\" style=\"display: none\">\n            <h3 class=\"wphal-titre\">Auteurs<\/h3><\/div>\n        <div class=\"display\" id=\"wphal-affiliated\" style=\"display: none\">\n            <h3 class=\"wphal-titre\">Auteurs de la structure<\/h3><\/div>\n        <div class=\"display\" id=\"wphal-revues\" style=\"display: none\">\n            <h3 class=\"wphal-titre\">Revues<\/h3><\/div>\n        <div class=\"display\" id=\"wphal-annees\" style=\"display: none\">\n            <h3 class=\"wphal-titre\">Ann\u00e9e de production<\/h3><\/div>\n        <div class=\"display\" id=\"wphal-insts\" style=\"display: none\">\n            <h3 class=\"wphal-titre\">Institutions<\/h3><\/div>\n       <div class=\"display\" id=\"wphal-labs\" style=\"display: none\">\n            <h3 class=\"wphal-titre\">Laboratoires<\/h3><\/div>\n       <div class=\"display\" id=\"wphal-depts\" style=\"display: none\">\n            <h3 class=\"wphal-titre\">D\u00e9partements<\/h3><\/div>\n       <div class=\"display\" id=\"wphal-equipes\" style=\"display: none\">\n            <h3 class=\"wphal-titre\">\u00c9quipes de recherche<\/h3><\/div>\n    <div class=\"display\" id=\"publications\"><div class=\"counter-doc\"><span class=\"wphal-nbtot\">27 <\/span>documents<\/div><br><div class=\"grp-div\"><h3 class=\"wphal-titre-groupe\">Articles dans une revue<span class=\"wphal-nbmetadata\" style=\"margin-left:10px\">11 documents<\/span><\/h3><div class=\"grp-content\"><ul><li>Qingyuan Gu, Maud Guezo, Herv\u00e9 Folliot, Thomas Batte, Slimane Loualiche, et al.. Heating-Enhanced Dielectrophoresis for Aligned Single-Walled Carbon Nanotube Film of Ultrahigh Density. <i>Nanoscale Research Letters<\/i>, 2017, 12 (1), pp.429. <a target=\"_blank\" href=\"https:\/\/dx.doi.org\/10.1186\/s11671-017-2199-1\">&#x27E8;10.1186\/s11671-017-2199-1&#x27E9;<\/a>. <a target=\"_blank\" href=\"https:\/\/hal.science\/hal-02492313v1\">&#x27E8;hal-02492313&#x27E9;<\/a><\/li><li>Lo\u00efc Bodiou, Qingyuan Gu, Maud Guezo, Enguerran Delcourt, Thomas Batt\u00e9, et al.. Guided Photoluminescence from Integrated Carbon-Nanotube-Based Optical Waveguides. <i>Advanced Materials<\/i>, 2015, 27 (40), pp.6181-6186. <a target=\"_blank\" href=\"https:\/\/dx.doi.org\/10.1002\/adma.201502536\">&#x27E8;10.1002\/adma.201502536&#x27E9;<\/a>. <a target=\"_blank\" href=\"https:\/\/hal.science\/hal-02107403v1\">&#x27E8;hal-02107403&#x27E9;<\/a><\/li><li>Yann Battie, L. Broch, A. En Naciri, J.-S Lauret, Maud Gu\u00e9zo, et al.. Diameter dependence of the optoelectronic properties of single walled carbon nanotubes determined by ellipsometry. <i>Carbon<\/i>, 2015, 83, pp.32-39. <a target=\"_blank\" href=\"https:\/\/dx.doi.org\/10.1016\/j.carbon.2014.11.021\">&#x27E8;10.1016\/j.carbon.2014.11.021&#x27E9;<\/a>. <a target=\"_blank\" href=\"https:\/\/univ-rennes.hal.science\/hal-01230304v1\">&#x27E8;hal-01230304&#x27E9;<\/a><\/li><li>Y. Battie, Damien Jamon, Jean\u2010s\u00e9bastien Lauret, Qingyuan Gu, Maud Gicquel-Gu\u00e9zo, et al.. Confinement in single walled carbon nanotubes investigated by spectroscopic ellipsometry. <i>Thin Solid Films<\/i>, 2014, 6th International Conference on Spectroscopic Ellipsometry (ICSE-VI), 571 (3), pp.395-398. <a target=\"_blank\" href=\"https:\/\/dx.doi.org\/10.1016\/j.tsf.2013.10.072\">&#x27E8;10.1016\/j.tsf.2013.10.072&#x27E9;<\/a>. <a target=\"_blank\" href=\"https:\/\/hal.science\/hal-01391229v1\">&#x27E8;hal-01391229&#x27E9;<\/a><\/li><li>Qingyuan Gu, Maud Gicquel-Gu\u00e9zo, Slimane Loualiche, Julie Le Pouliquen, Thomas Batte, et al.. Photonics based on carbon nanotubes. <i>Nanoscale Research Letters<\/i>, 2013, 8, pp.300. <a target=\"_blank\" href=\"https:\/\/dx.doi.org\/10.1186\/1556-276X-8-300\">&#x27E8;10.1186\/1556-276X-8-300&#x27E9;<\/a>. <a target=\"_blank\" href=\"https:\/\/hal.univ-lorraine.fr\/hal-01517849v1\">&#x27E8;hal-01517849&#x27E9;<\/a><\/li><li>Hanond Nong, Maud Gicquel-Gu\u00e9zo, Laurent Bramerie, Mathieu Perrin, Fr\u00e9d\u00e9ric Grillot, et al.. Enhanced Properties in Single-Walled Carbon Nanotubes Based Saturable Absorber for All Optical Signal Regeneration. <i>Japanese Journal of Applied Physics Part 1: Regular Papers and Short Notes and Review Papers<\/i>, 2011, 50 (04), pp.0206. <a target=\"_blank\" href=\"https:\/\/dx.doi.org\/10.1143\/JJAP.50.040206\">&#x27E8;10.1143\/JJAP.50.040206&#x27E9;<\/a>. <a target=\"_blank\" href=\"https:\/\/hal.science\/hal-00596902v1\">&#x27E8;hal-00596902&#x27E9;<\/a><\/li><li>Maud Gicquel-Gu\u00e9zo, Yannick J. Dappe, Pascal Turban, Alain Mor\u00e9ac, Hanond Nong, et al.. Ultrafast nonlinear optical properties of bundles of carbon nanotubes. <i>Carbon<\/i>, 2011, 49 (9), pp.2971. <a target=\"_blank\" href=\"https:\/\/dx.doi.org\/10.1016\/j.carbon.2011.03.015\">&#x27E8;10.1016\/j.carbon.2011.03.015&#x27E9;<\/a>. <a target=\"_blank\" href=\"https:\/\/hal.science\/hal-00664422v1\">&#x27E8;hal-00664422&#x27E9;<\/a><\/li><li>Hanond Nong, Maud Gicquel-Gu\u00e9zo, Laurent Bramerie, Mathieu Perrin, Frederic Grillot, et al.. A direct comparison of single-walled carbon nanotubes and quantum-wells based subpicosecond saturable absorbers for all optical signal regeneration at 1.55 \u00b5m. <i>Applied Physics Letters<\/i>, 2010, 96 (6), pp.061109. <a target=\"_blank\" href=\"https:\/\/dx.doi.org\/10.1063\/1.3309712\">&#x27E8;10.1063\/1.3309712&#x27E9;<\/a>. <a target=\"_blank\" href=\"https:\/\/hal.science\/hal-00491100v1\">&#x27E8;hal-00491100&#x27E9;<\/a><\/li><li>Alexandre Bondi, Weiming Guo, Laurent Pedesseau, Soline Boyer-Richard, Herv\u00e9 Folliot, et al.. Light emitting diodes on silicon substrates: preliminary results. <i>Physica Status Solidi C: Current Topics in Solid State Physics<\/i>, 2009, 6 (10), pp.2212-2216. <a target=\"_blank\" href=\"https:\/\/dx.doi.org\/10.1002\/PSSC.200881728\">&#x27E8;10.1002\/PSSC.200881728&#x27E9;<\/a>. <a target=\"_blank\" href=\"https:\/\/hal.science\/hal-00665750v1\">&#x27E8;hal-00665750&#x27E9;<\/a><\/li><li>Gilles Martel, Ammar Hideur, B\u00fclend Orta\u00e7, Jean-Bernard Lecourt, C. Ch\u00e9dot, et al.. Potentialities of fiber lasers in the generation of coherent UV radiation. <i>Journal de Physique IV Proceedings<\/i>, 2006, 138, pp.127. <a target=\"_blank\" href=\"https:\/\/hal.science\/hal-00276112v1\">&#x27E8;hal-00276112&#x27E9;<\/a><\/li><li>Claudine Katan, Philippe Rabiller, C. Lecomte, Maud Guezo, Vincent Oison, et al.. Numerical computation of critical properties and atomic basins from three-dimensional grid electron densities. <i>Journal of Applied Crystallography<\/i>, 2003, 36 (Part 1), pp.65-73. <a target=\"_blank\" href=\"https:\/\/dx.doi.org\/10.1107\/S0021889802018691\">&#x27E8;10.1107\/S0021889802018691&#x27E9;<\/a>. <a target=\"_blank\" href=\"https:\/\/hal.science\/hal-00517099v1\">&#x27E8;hal-00517099&#x27E9;<\/a><\/li><\/ul><\/div><\/div><br><div class=\"grp-div\"><h3 class=\"wphal-titre-groupe\">Communications dans un congr\u00e8s<span class=\"wphal-nbmetadata\" style=\"margin-left:10px\">14 documents<\/span><\/h3><div class=\"grp-content\"><ul><li>Maud Guezo, Lo\u00efc Bodiou, Qingyuan Gu, Thomas Batte, Herv\u00e9 Folliot, et al.. R\u00e9alisation et optimisation de composants photoniques \u00e0 base de nanotubes de carbone. <i>Colloque Francophone du Carbone<\/i>, Soci\u00e9t\u00e9 Francophone de l'Etude des Carbones, Apr 2017, Ol\u00e9ron, France. <a target=\"_blank\" href=\"https:\/\/hal.science\/hal-02493815v1\">&#x27E8;hal-02493815&#x27E9;<\/a><\/li><li>Lo\u00efc Bodiou, Qingyuan Gu, Maud Gu\u00e9zo, Enguerran Delcourt, Thomas Batte, et al.. Optical properties of integrated waveguides incorporating semiconducting single-wall carbon nanotubes\r\n. <i>European Materials Research Society - Spring Meeting 2016 (E-MRS 2016 Spring Meeting)<\/i>, May 2016, Lille, France. <a target=\"_blank\" href=\"https:\/\/hal.science\/hal-01337458v1\">&#x27E8;hal-01337458&#x27E9;<\/a><\/li><li>Lo\u00efc Bodiou, Qingyuan Gu, Maud Guezo, Enguerran Delcourt, Thomas Batte, et al.. Luminescence guid\u00e9e dans des guides d\u2019onde int\u00e9gr\u00e9s incorporant des nanotubes de carbone. <i>Optique Bretagne 2015 - 35\u00e8 Journ\u00e9es Nationales d'Optique Guid\u00e9e (JNOG'35)<\/i>, Jul 2015, Rennes, France. <a target=\"_blank\" href=\"https:\/\/hal.science\/hal-02429456v1\">&#x27E8;hal-02429456&#x27E9;<\/a><\/li><li>Jonathan Lemaitre, Lo\u00efc Bodiou, Enguerran Delcourt, Aldo Gutierrez, Mohammed Guendouz, et al.. D\u00e9veloppement de circuits optiques int\u00e9gr\u00e9s \u00e0 partir de mat\u00e9riaux sp\u00e9cifiques. <i>Optique Bretagne 2015 - 35\u00e8 Journ\u00e9es Nationales d'Optique Guid\u00e9e (JNOG'35)<\/i>, Jul 2015, Rennes, France. <a target=\"_blank\" href=\"https:\/\/hal.science\/hal-02429420v1\">&#x27E8;hal-02429420&#x27E9;<\/a><\/li><li>Maud Gicquel-Gu\u00e9zo, Hanond Nong, Mathieu Perrin, Christophe Levallois, Slimane Loualiche, et al.. Ultrafast carbon nanotubes optical properties for high-bit-rate telecommunications applications. <i>11\u00e8me Conf\u00e9rence Internationale sur la Science et l'Application des Nanotubes (NT'10)<\/i>, Jun 2010, Montr\u00e9al, Canada. <a target=\"_blank\" href=\"https:\/\/hal.science\/hal-00586674v1\">&#x27E8;hal-00586674&#x27E9;<\/a><\/li><li>Maud Gicquel-Gu\u00e9zo, Yannick J. Dappe, Hanond Nong, A. Mor\u00e9ac, R. Fleurier, et al.. Bundles of Carbon Nanotubes : a combined spectroscopic and theoretical study-influence of the weak mutual interactions on the optical properties. <i>European Material Research Society (EMRS)<\/i>, Jun 2009, Strasbourg, France. <a target=\"_blank\" href=\"https:\/\/hal.science\/hal-00585133v1\">&#x27E8;hal-00585133&#x27E9;<\/a><\/li><li>Maud Gicquel-Gu\u00e9zo, Hanond Nong, Christophe Levallois, Frederic Grillot, Pascal Turban, et al.. Ultrafast optical switch based on bundled carbon nanotubes. <i>Frontier 2009<\/i>, 2009, Sendai, Japan. <a target=\"_blank\" href=\"https:\/\/hal.science\/hal-00668293v1\">&#x27E8;hal-00668293&#x27E9;<\/a><\/li><li>Maud Gicquel-Gu\u00e9zo, Hanond Nong, Christophe Levallois, Frederic Grillot, Slimane Loualiche, et al.. Exploring optical properties of carbon nanotubes in bundles for high-bit-rate telecommunication applications. <i>GDR2009<\/i>, 2009, Coma-Ruga, Spain. <a target=\"_blank\" href=\"https:\/\/hal.science\/hal-00668372v1\">&#x27E8;hal-00668372&#x27E9;<\/a><\/li><li>Maud Gicquel-Gu\u00e9zo, Hanond Nong, Christophe Labb\u00e9, Alain Mor\u00e9ac, Alain Le Corre, et al.. Highlighting excitonic optical properties of bundled carbon nanotubes to tailor novel saturable absorbers. <i>9th International Conference Trends in Nanotechnology (TNT 2008)<\/i>, Sep 2008, Oviedo, Spain. pp.2160, <a target=\"_blank\" href=\"https:\/\/dx.doi.org\/10.1002\/pssc.200881708\">&#x27E8;10.1002\/pssc.200881708&#x27E9;<\/a>. <a target=\"_blank\" href=\"https:\/\/hal.science\/hal-00531462v1\">&#x27E8;hal-00531462&#x27E9;<\/a><\/li><li>Alexandre Bondi, Weiming Guo, Laurent Pedesseau, Soline Richard, Herv\u00e9 Folliot, et al.. Light emitting diodes on silicon substrates: preliminary results. <i>TNT (Trends in Nanotechnologies)<\/i>, Sep 2008, Oviedo, Spain. pp.2212-16, <a target=\"_blank\" href=\"https:\/\/dx.doi.org\/10.1002\/pssc.200881728\">&#x27E8;10.1002\/pssc.200881728&#x27E9;<\/a>. <a target=\"_blank\" href=\"https:\/\/hal.science\/hal-00491905v1\">&#x27E8;hal-00491905&#x27E9;<\/a><\/li><li>Weiming Guo, Alexandre Bondi, Charles Cornet, Herv\u00e9 Folliot, Antoine L\u00e9toublon, et al.. First step to Si photonics: synthesis of quantum dot light-emitters on GaP substrate by MBE. <i>9th International Conference Trends in Nanotechnologies (TNT 2008)<\/i>, Sep 2008, Oviedo, Spain. pp.2207, <a target=\"_blank\" href=\"https:\/\/dx.doi.org\/10.1002\/pssc.200881722\">&#x27E8;10.1002\/pssc.200881722&#x27E9;<\/a>. <a target=\"_blank\" href=\"https:\/\/hal.science\/hal-00491426v1\">&#x27E8;hal-00491426&#x27E9;<\/a><\/li><li>Dayong Zhou, Rozenn Piron, Madhoussoudhana Dontabactouny, Estelle Homeyer, Olivier Dehaese, et al.. Effect of stack number on the threshold current density and emission wavelength in quantum dash\/dot lasers. <i>9th International Conference Trends in Nanotechnology (TNT 2008)<\/i>, Sep 2008, Oviedo, Spain. pp.2217 - 2221, <a target=\"_blank\" href=\"https:\/\/dx.doi.org\/10.1002\/pssc.200881729\">&#x27E8;10.1002\/pssc.200881729&#x27E9;<\/a>. <a target=\"_blank\" href=\"https:\/\/hal.science\/hal-00492826v1\">&#x27E8;hal-00492826&#x27E9;<\/a><\/li><li>Gilles Martel, Ammar Hideur, B\u00fclend Orta\u00e7, Jean-Bernard Lecourt, C. Ch\u00e9dot, et al.. Potentialit\u00e9s des lasers \u00e0 fibre dans la g\u00e9n\u00e9ration de rayonnement coh\u00e9rent UV. <i>8i\u00e8me Colloque sur les sources coh\u00e9rentes et incoh\u00e9rentes UV, VUV et X<\/i>, 2006, Colleville sur mer, France. <a target=\"_blank\" href=\"https:\/\/hal.science\/hal-00154717v1\">&#x27E8;hal-00154717&#x27E9;<\/a><\/li><li>Mathilde Gay, Laurent Bramerie, Elodie Le Cren, Sylvain Feve, Jean-Claude Simon, et al.. L'absorbant saturable \u00e0 multipuits quantiques pour la r\u00e9g\u00e9n\u00e9ration 2R optique, mise en \u00e9vidence d'effets thermiques. <i>1er s\u00e9minaire du Groupement d'Int\u00e9r\u00eat Scientifique d\u00e9di\u00e9 aux Fonctions Optiques pour les T\u00e9l\u00e9communicatiONs (FOTON 2004)<\/i>, Nov 2004, Plestin-les-Gr\u00e8ves, France. pp.25-27. <a target=\"_blank\" href=\"https:\/\/hal.science\/hal-00151936v1\">&#x27E8;hal-00151936&#x27E9;<\/a><\/li><\/ul><\/div><\/div><br><div class=\"grp-div\"><h3 class=\"wphal-titre-groupe\">Poster de conf\u00e9rence<span class=\"wphal-nbmetadata\" style=\"margin-left:10px\">1 document<\/span><\/h3><div class=\"grp-content\"><ul><li>Lo\u00efc Bodiou, Jo\u00ebl Charrier, Jonathan Lemaitre, Enguerran Delcourt, Dominique Bosc, et al.. Carbon nanotubes incorporated-hybrid waveguides for photonics applications. <i>17th European Conference on Integrated Optics &amp; 19th MicroOptics Conference (ECIO-MOC 2014)<\/i>, Jun 2014, Nice, France. <a target=\"_blank\" href=\"http:\/\/www.ecio-conference.org\/2014\/paper\/ECIO-2014_P009.pdf\"><\/a>, ecio-conference.org, pp.P009, 2014, 2014 Proceedings. <a target=\"_blank\" href=\"https:\/\/hal.science\/hal-01144745v1\">&#x27E8;hal-01144745&#x27E9;<\/a><\/li><\/ul><\/div><\/div><br><div class=\"grp-div\"><h3 class=\"wphal-titre-groupe\">Th\u00e8ses<span class=\"wphal-nbmetadata\" style=\"margin-left:10px\">1 document<\/span><\/h3><div class=\"grp-content\"><ul><li>Maud Gicquel-Gu\u00e9zo. Absorbant saturable ultra-rapide \u00e0 multipuits quantiques pour le traitement tout-optique du signal. Physique Atomique [physics.atom-ph]. INSA de Rennes, 2004. Fran\u00e7ais. <a target=\"_blank\" href=\"https:\/\/www.theses.fr\/\">&#x27E8;NNT : &#x27E9;<\/a>. <a target=\"_blank\" href=\"https:\/\/theses.hal.science\/tel-00010801v1\">&#x27E8;tel-00010801&#x27E9;<\/a><\/li><\/ul><\/div><\/div><br><\/div>\n    <\/div>\n<\/div><div class=\"wphal-footer\"><p style=\"color:#B3B2B0\">Documents r\u00e9cup\u00e9r\u00e9s de l'archive ouverte HAL&nbsp;<a href=\"https:\/\/hal.science\/\" target=\"_blank\"><img decoding=\"async\" alt=\"logo\" src=\"https:\/\/www.institut-foton.eu\/wp-content\/plugins\/hal\/img\/logo-hal.png\" style=\"width:90px\"><\/a><\/p><\/div>\n\r\n","protected":false},"excerpt":{"rendered":"<p>(+33)2&nbsp;23&nbsp;23&nbsp;82&nbsp;97 Associate Professor <\/p>\n","protected":false},"author":3,"featured_media":6611,"comment_status":"open","ping_status":"closed","sticky":false,"template":"","format":"standard","meta":{"inline_featured_image":false,"footnotes":""},"categories":[17,59],"tags":[110],"class_list":["post-3609","post","type-post","status-publish","format-standard","has-post-thumbnail","hentry","category-personnels","category-chercheurs-et-enseignants-chercheurs","tag-departement-ohm"],"translation":{"provider":"WPGlobus","version":"3.0.2","language":"en","enabled_languages":["fr","en"],"languages":{"fr":{"title":true,"content":true,"excerpt":true},"en":{"title":true,"content":true,"excerpt":true}}},"_links":{"self":[{"href":"https:\/\/www.institut-foton.eu\/en\/wp-json\/wp\/v2\/posts\/3609","targetHints":{"allow":["GET"]}}],"collection":[{"href":"https:\/\/www.institut-foton.eu\/en\/wp-json\/wp\/v2\/posts"}],"about":[{"href":"https:\/\/www.institut-foton.eu\/en\/wp-json\/wp\/v2\/types\/post"}],"author":[{"embeddable":true,"href":"https:\/\/www.institut-foton.eu\/en\/wp-json\/wp\/v2\/users\/3"}],"replies":[{"embeddable":true,"href":"https:\/\/www.institut-foton.eu\/en\/wp-json\/wp\/v2\/comments?post=3609"}],"version-history":[{"count":21,"href":"https:\/\/www.institut-foton.eu\/en\/wp-json\/wp\/v2\/posts\/3609\/revisions"}],"predecessor-version":[{"id":12003,"href":"https:\/\/www.institut-foton.eu\/en\/wp-json\/wp\/v2\/posts\/3609\/revisions\/12003"}],"wp:featuredmedia":[{"embeddable":true,"href":"https:\/\/www.institut-foton.eu\/en\/wp-json\/wp\/v2\/media\/6611"}],"wp:attachment":[{"href":"https:\/\/www.institut-foton.eu\/en\/wp-json\/wp\/v2\/media?parent=3609"}],"wp:term":[{"taxonomy":"category","embeddable":true,"href":"https:\/\/www.institut-foton.eu\/en\/wp-json\/wp\/v2\/categories?post=3609"},{"taxonomy":"post_tag","embeddable":true,"href":"https:\/\/www.institut-foton.eu\/en\/wp-json\/wp\/v2\/tags?post=3609"}],"curies":[{"name":"wp","href":"https:\/\/api.w.org\/{rel}","templated":true}]}}