{"id":3645,"date":"2009-04-01T00:00:00","date_gmt":"2009-03-31T22:00:00","guid":{"rendered":"https:\/\/www.institut-foton.eu\/perrin-mathieu-2\/"},"modified":"2026-04-28T14:32:53","modified_gmt":"2026-04-28T12:32:53","slug":"perrin-mathieu","status":"publish","type":"post","link":"https:\/\/www.institut-foton.eu\/en\/perrin-mathieu\/","title":{"rendered":"PERRIN Mathieu"},"content":{"rendered":"\r\n\r\n<figure class=\"wp-block-image size-large is-resized is-style-rounded\"><img loading=\"lazy\" decoding=\"async\" src=\"\/wp-content\/uploads\/Personnels\/perrin_mathieu.jpg\" alt=\"PERRIN Mathieu\" class=\"wp-image-293\" style=\"object-fit:cover;width:192px;height:200px\" width=\"192\" height=\"200\"\/><\/figure>\r\n\r\n\r\n\r\n<p>Associate Professor <\/p>\r\n\r\n\r\n\r\n<p>Team:    Plateforme nanoRennes<\/p>\r\n\r\n\r\n\r\n<p><\/p>\r\n\r\n\r\n\r\n\r\n\r\n<p><\/p>\r\n\r\n\r\n\r\n<h2 class=\"wp-block-heading\">Contact<\/h2>\r\n\r\n\r\n\r\n<p><strong>\u260e<\/strong> (+33)2&nbsp;23&nbsp;23&nbsp;85&nbsp;75<\/p>\r\n\r\n\r\n\r\n<p><strong>@<\/strong> mathieu.perrin@insa-rennes.fr<\/p>\r\n\r\n\r\n\r\n<p>Building 10 &#8211; Office 021<\/p>\r\n\r\n\r\n\r\n<p><strong>\ud83d\udd83<\/strong> INSA<br\/>20 avenue des Buttes de Co\u00ebsmes<br\/>CS 70839<br\/>35708 Rennes Cedex 7<\/p>\r\n\r\n\r\n\r\n\r\n<h2 class='wp-block-heading'>Publications<\/h2><div class=\"wp-block-columns is-layout-flex wp-container-core-columns-is-layout-28f84493 wp-block-columns-is-layout-flex\"><div class=\"wp-block-column is-layout-flow wp-block-column-is-layout-flow\"><figure class='wp-block-image size-medium'><a href='https:\/\/scholar.google.com\/citations?user=XlCKwHgAAAAJ'><img src='\/wp-content\/uploads\/2023\/10\/logo_googlescholar.webp' alt='Google Scholar' \/><\/a><\/figure><\/div><div class=\"wp-block-column is-layout-flow wp-block-column-is-layout-flow\"><figure class='wp-block-image size-medium'><a href='https:\/\/www.researchgate.net\/profile\/XlCKwHgAAAAJ'><img src='\/wp-content\/uploads\/2023\/10\/logo_researchgate.webp' alt='ResearchGate' \/><\/a><\/figure><\/div><div class=\"wp-block-column is-layout-flow wp-block-column-is-layout-flow\"><figure class='wp-block-image size-medium'><a href='https:\/\/cv.hal.science\/Mathieu-perrin'><img src='\/wp-content\/uploads\/2023\/10\/logo_hal.webp' alt='HAL' \/><\/a><\/figure><\/div><\/div><div id=\"wphal-content\"><div id=\"meta\">\n        <div class=\"display\" id=\"wphal-contact\" style=\"display: none\">\n            <h3 class=\"wphal-titre\">Contact<\/h3>\n\n            <ul id=\"wphal-cont\" style=\"list-style-type: none\"><\/ul>\n        <\/div>\n        <div class=\"display\" id=\"wphal-disciplines\" style=\"display: none\">\n            <h3 class=\"wphal-titre\">Disciplines<\/h3><\/div>\n        <div class=\"display\" id=\"wphal-keywords\" style=\"display: none\">\n            <h3 class=\"wphal-titre\">Mots-clefs<\/h3><\/div>\n        <div class=\"display\" id=\"wphal-auteurs\" style=\"display: none\">\n            <h3 class=\"wphal-titre\">Auteurs<\/h3><\/div>\n        <div class=\"display\" id=\"wphal-affiliated\" style=\"display: none\">\n            <h3 class=\"wphal-titre\">Auteurs de la structure<\/h3><\/div>\n        <div class=\"display\" id=\"wphal-revues\" style=\"display: none\">\n            <h3 class=\"wphal-titre\">Revues<\/h3><\/div>\n        <div class=\"display\" id=\"wphal-annees\" style=\"display: none\">\n            <h3 class=\"wphal-titre\">Ann\u00e9e de production<\/h3><\/div>\n        <div class=\"display\" id=\"wphal-insts\" style=\"display: none\">\n            <h3 class=\"wphal-titre\">Institutions<\/h3><\/div>\n       <div class=\"display\" id=\"wphal-labs\" style=\"display: none\">\n            <h3 class=\"wphal-titre\">Laboratoires<\/h3><\/div>\n       <div class=\"display\" id=\"wphal-depts\" style=\"display: none\">\n            <h3 class=\"wphal-titre\">D\u00e9partements<\/h3><\/div>\n       <div class=\"display\" id=\"wphal-equipes\" style=\"display: none\">\n            <h3 class=\"wphal-titre\">\u00c9quipes de recherche<\/h3><\/div>\n    <div class=\"display\" id=\"publications\"><div class=\"counter-doc\"><span class=\"wphal-nbtot\">0 <\/span>documents<\/div><br><\/div>\n    <\/div>\n<\/div><div class=\"wphal-footer\"><p style=\"color:#B3B2B0\">Documents r\u00e9cup\u00e9r\u00e9s de l'archive ouverte HAL&nbsp;<a href=\"https:\/\/hal.science\/\" target=\"_blank\"><img decoding=\"async\" alt=\"logo\" src=\"https:\/\/www.institut-foton.eu\/wp-content\/plugins\/hal\/img\/logo-hal.png\" style=\"width:90px\"><\/a><\/p><\/div>\n\r\n","protected":false},"excerpt":{"rendered":"<p>(+33)2&nbsp;23&nbsp;23&nbsp;85&nbsp;75 Associate Professor <\/p>\n","protected":false},"author":3,"featured_media":5841,"comment_status":"open","ping_status":"closed","sticky":false,"template":"","format":"standard","meta":{"inline_featured_image":false,"footnotes":""},"categories":[17,59],"tags":[110,40],"class_list":["post-3645","post","type-post","status-publish","format-standard","has-post-thumbnail","hentry","category-personnels","category-chercheurs-et-enseignants-chercheurs","tag-departement-ohm","tag-nanorennes"],"translation":{"provider":"WPGlobus","version":"3.0.2","language":"en","enabled_languages":["fr","en"],"languages":{"fr":{"title":true,"content":true,"excerpt":true},"en":{"title":true,"content":true,"excerpt":true}}},"_links":{"self":[{"href":"https:\/\/www.institut-foton.eu\/en\/wp-json\/wp\/v2\/posts\/3645","targetHints":{"allow":["GET"]}}],"collection":[{"href":"https:\/\/www.institut-foton.eu\/en\/wp-json\/wp\/v2\/posts"}],"about":[{"href":"https:\/\/www.institut-foton.eu\/en\/wp-json\/wp\/v2\/types\/post"}],"author":[{"embeddable":true,"href":"https:\/\/www.institut-foton.eu\/en\/wp-json\/wp\/v2\/users\/3"}],"replies":[{"embeddable":true,"href":"https:\/\/www.institut-foton.eu\/en\/wp-json\/wp\/v2\/comments?post=3645"}],"version-history":[{"count":22,"href":"https:\/\/www.institut-foton.eu\/en\/wp-json\/wp\/v2\/posts\/3645\/revisions"}],"predecessor-version":[{"id":12028,"href":"https:\/\/www.institut-foton.eu\/en\/wp-json\/wp\/v2\/posts\/3645\/revisions\/12028"}],"wp:featuredmedia":[{"embeddable":true,"href":"https:\/\/www.institut-foton.eu\/en\/wp-json\/wp\/v2\/media\/5841"}],"wp:attachment":[{"href":"https:\/\/www.institut-foton.eu\/en\/wp-json\/wp\/v2\/media?parent=3645"}],"wp:term":[{"taxonomy":"category","embeddable":true,"href":"https:\/\/www.institut-foton.eu\/en\/wp-json\/wp\/v2\/categories?post=3645"},{"taxonomy":"post_tag","embeddable":true,"href":"https:\/\/www.institut-foton.eu\/en\/wp-json\/wp\/v2\/tags?post=3645"}],"curies":[{"name":"wp","href":"https:\/\/api.w.org\/{rel}","templated":true}]}}