{"id":4749,"date":"2023-10-13T12:08:10","date_gmt":"2023-10-13T10:08:10","guid":{"rendered":"https:\/\/www.institut-foton.eu\/?p=4749"},"modified":"2025-07-17T11:06:36","modified_gmt":"2025-07-17T09:06:36","slug":"imagerie-lidar","status":"publish","type":"post","link":"https:\/\/www.institut-foton.eu\/en\/imagerie-lidar\/","title":{"rendered":"Lidar imaging"},"content":{"rendered":"\n\n\n\n<h2 class=\"wp-block-heading\">Presentation<\/h2>\n\n\n<figure style=\"aspect-ratio:auto;width:50%;\" class=\"aligncenter wp-block-post-featured-image\"><img loading=\"lazy\" decoding=\"async\" width=\"825\" height=\"675\" src=\"https:\/\/www.institut-foton.eu\/wp-content\/uploads\/2023\/10\/Image_Imagerie-Lidar.jpg\" class=\"attachment-post-thumbnail size-post-thumbnail wp-post-image\" alt=\"\" style=\"width:100%;height:100%;object-fit:cover;\" srcset=\"https:\/\/www.institut-foton.eu\/wp-content\/uploads\/2023\/10\/Image_Imagerie-Lidar.jpg 825w, https:\/\/www.institut-foton.eu\/wp-content\/uploads\/2023\/10\/Image_Imagerie-Lidar-300x245.jpg 300w, https:\/\/www.institut-foton.eu\/wp-content\/uploads\/2023\/10\/Image_Imagerie-Lidar-768x628.jpg 768w\" sizes=\"auto, (max-width: 825px) 100vw, 825px\" \/><\/figure>\n\n\n<p>Lidar (Light Detection and Ranging), is an increasingly widespread imaging technique, especially in the context of the development of autonomous systems (unmanned vehicles, drones) in different fields of application (meteorology, navigation assistance, monitoring, detection, threat detection, etc.) In the DOP team, we are looking to improve existing Lidar techniques by offering new features for increased performance.<\/p>\n\n\n\n<h3 class=\"wp-block-heading\">Lidar-radar<\/h3>\n\n\n\n<p>Compared to conventional lidar techniques, where the distance to the target is deduced from the measurement of the time-of-flight of the light pulse, the lidar-radar offers a number of advantages. It uses a modulated light source instead of laser pulses. It allows velocimetry measurements, and offers the ability to filter the signal by eliminating specific noise components in the return signal. We have developed techniques for generating waveforms adapted to lidar-radar, by frequency-shifted optical reinjection in a Q-switched laser. The pulse-to-pulse coherence of the modulation makes it possible to perform lidar telemetry, as well as velocity measurements. The implementation of this type of laser source at different wavelengths (1 \u00b5m and 0.5 \u00b5m) allows to consider different aerial and underwater applications.<\/p>\n\n\n\n<figure class=\"wp-block-image size-full\"><img loading=\"lazy\" decoding=\"async\" width=\"890\" height=\"346\" src=\"https:\/\/www.institut-foton.eu\/wp-content\/uploads\/2023\/10\/imagerielidar_image1.png\" alt=\"\" class=\"wp-image-4751\" srcset=\"https:\/\/www.institut-foton.eu\/wp-content\/uploads\/2023\/10\/imagerielidar_image1.png 890w, https:\/\/www.institut-foton.eu\/wp-content\/uploads\/2023\/10\/imagerielidar_image1-300x117.png 300w, https:\/\/www.institut-foton.eu\/wp-content\/uploads\/2023\/10\/imagerielidar_image1-768x299.png 768w\" sizes=\"auto, (max-width: 890px) 100vw, 890px\" \/><figcaption class=\"wp-element-caption\">Fig.1 Principles of velocimetry by a lidar-radar system. The modulated waveforms (left), are produced by reinjection using a frequency shifting external cavity  [Vallet2013].<\/figcaption><\/figure>\n\n\n\n<h3 class=\"wp-block-heading\">Coherent dual-comb lidar<\/h3>\n\n\n\n<p>Both time-of-flight lidar and lidar-radar are based on the measurement of the  intensity of the light returned by the target. In coherent lidar, the electric field of the light is detected, rather than the intensity, which brings other advantages: range in 1\/r (instead of 1\/r2), ability to measure displacements or speeds with interferometric accuracy, and possibility to filter the signal even at short time scales. The coherent lidar is used for anemometry, among others. The main limitation of coherent lidar is the spatial resolution: to access a high spatial resolution requires to develop coherent and broadband light sources. Multi-heterodyne interferometry (or dual-comb), makes it possible to engineer coherent lidar systems offering a high resolution (sub cm), and with a moderate detection bandwidth. At FOTON Institute, we develop dual-comb architectures from twin frequency shifting loops. One produces the frequency comb of the measurement arm, and the other of the reference channel \u2013 or local oscillator. Besides its simplicity, the specificity of this architecture is to be able to produce quasi-continuous waveforms, while maintaining a resolution limited by the spectrum thanks to a pulse compression effect. Configurations using acousto-optic frequency shifters offer a spatial resolution of the order of cm for an ambiguity distance of a few meters, while electro-optic frequency shifters achieve a sub-mm optical resolution for an ambiguity distance of a few tens of cm. The applications of our systems concern high-resolution automatic vision or underwater imaging.<\/p>\n\n\n\n<figure class=\"wp-block-image size-large\"><img loading=\"lazy\" decoding=\"async\" width=\"1024\" height=\"414\" src=\"https:\/\/www.institut-foton.eu\/wp-content\/uploads\/2023\/10\/imagerielidar_image2-1024x414.png\" alt=\"\" class=\"wp-image-4752\" srcset=\"https:\/\/www.institut-foton.eu\/wp-content\/uploads\/2023\/10\/imagerielidar_image2-1024x414.png 1024w, https:\/\/www.institut-foton.eu\/wp-content\/uploads\/2023\/10\/imagerielidar_image2-300x121.png 300w, https:\/\/www.institut-foton.eu\/wp-content\/uploads\/2023\/10\/imagerielidar_image2-768x311.png 768w, https:\/\/www.institut-foton.eu\/wp-content\/uploads\/2023\/10\/imagerielidar_image2.png 1184w\" sizes=\"auto, (max-width: 1024px) 100vw, 1024px\" \/><figcaption class=\"wp-element-caption\">Fig.2 Principle of the dual-comb coherent lidar in a double frequency shifting loop. Recombination of the measure comb (in red) with the reference one (in blue) on a detector produces a signal that reproduces the reflectivity profile along the measuring arm. Insert: coin image [Billault2021].<\/figcaption><\/figure>\n\n\n\n<h2 class=\"wp-block-heading\">Financial support<\/h2>\n\n\n\n<p><a href=\"https:\/\/anr.fr\/Projet-ANR-21-CE42-0025\">ANR<\/a> (COCOA projetc)<\/p>\n\n\n\n<h2 class=\"wp-block-heading\">Research staff involved<\/h2>\n\n\n\n<h3 class=\"wp-block-heading\">Research engineers, researchers and professors<\/h3>\n\n\n\n<div class=\"wp-block-columns is-layout-flex wp-container-core-columns-is-layout-28f84493 wp-block-columns-is-layout-flex\">\n<div class=\"wp-block-column is-layout-flow wp-block-column-is-layout-flow\">\n<div class=\"wp-block-query is-layout-flow wp-block-query-is-layout-flow\">\n<div class=\"wp-block-group is-layout-constrained wp-block-group-is-layout-constrained\"><\/div>\n<\/div>\n<\/div>\n\n\n\n<div class=\"wp-block-column is-layout-flow wp-block-column-is-layout-flow\">\n<div class=\"wp-block-query is-layout-flow wp-block-query-is-layout-flow\">\n<div class=\"wp-block-group is-layout-constrained wp-block-group-is-layout-constrained\"><\/div>\n<\/div>\n<\/div>\n\n\n\n<div class=\"wp-block-column is-layout-flow wp-block-column-is-layout-flow\">\n<div class=\"wp-block-query is-layout-flow wp-block-query-is-layout-flow\">\n<div class=\"wp-block-group is-layout-constrained wp-block-group-is-layout-constrained\"><\/div>\n<\/div>\n<\/div>\n\n\n\n<div class=\"wp-block-column is-layout-flow wp-block-column-is-layout-flow\">\n<div class=\"wp-block-query is-layout-flow wp-block-query-is-layout-flow\">\n<div class=\"wp-block-group is-layout-constrained wp-block-group-is-layout-constrained\"><\/div>\n<\/div>\n<\/div>\n<\/div>\n\n\n\n<h3 class=\"wp-block-heading\">PhD and post-doc<\/h3>\n\n\n\n<div class=\"wp-block-columns is-layout-flex wp-container-core-columns-is-layout-28f84493 wp-block-columns-is-layout-flex\">\n<div class=\"wp-block-column is-layout-flow wp-block-column-is-layout-flow\">\n<div class=\"wp-block-query is-layout-flow wp-block-query-is-layout-flow\">\n<div class=\"wp-block-group is-layout-constrained wp-block-group-is-layout-constrained\"><\/div>\n<\/div>\n<\/div>\n\n\n\n<div class=\"wp-block-column is-layout-flow wp-block-column-is-layout-flow\">\n<div class=\"wp-block-query is-layout-flow wp-block-query-is-layout-flow\">\n<div class=\"wp-block-group is-layout-constrained wp-block-group-is-layout-constrained\"><\/div>\n<\/div>\n<\/div>\n\n\n\n<div class=\"wp-block-column is-layout-flow wp-block-column-is-layout-flow\">\n<div class=\"wp-block-query is-layout-flow wp-block-query-is-layout-flow\">\n<div class=\"wp-block-group is-layout-constrained wp-block-group-is-layout-constrained\"><\/div>\n<\/div>\n<\/div>\n\n\n\n<div class=\"wp-block-column is-layout-flow wp-block-column-is-layout-flow\"><\/div>\n<\/div>\n\n\n\n<h2 class=\"wp-block-heading\">To learn more&#8230;<\/h2>\n\n\n\n<ul class=\"puce1 ecartplus wp-block-list\">\n<li>Marc Vallet, Jonathan Barreaux, Marco Romanelli, Gr\u00e9goire Pillet, J\u00e9r\u00e9mie Th\u00e9venin, et al.. Lidar-radar velocimetry using a pulse-to-pulse coherent rf-modulated Q-switched laser.. <em>Applied optics<\/em>, 2013, 52 (22), pp.5402-10. <a rel=\"noreferrer noopener\" href=\"https:\/\/dx.doi.org\/10.1364\/AO.52.005402\" target=\"_blank\">\u27e810.1364\/AO.52.005402\u27e9<\/a>. <a rel=\"noreferrer noopener\" href=\"https:\/\/hal.science\/hal-00854261\" target=\"_blank\">\u27e8hal-00854261\u27e9<\/a><\/li>\n\n\n\n<li>Haiyang Zhang, Marc Brunel, Marco Romanelli, Marc Vallet. Green pulsed lidar-radar emitter based on a multipass frequency-shifting external cavity. <em>Applied optics<\/em>, 2016, 55 (10), pp.2467&#8211;2473. <a rel=\"noreferrer noopener\" href=\"https:\/\/dx.doi.org\/10.1364\/AO.55.002467\" target=\"_blank\">\u27e810.1364\/AO.55.002467\u27e9<\/a>. <a rel=\"noreferrer noopener\" href=\"https:\/\/univ-rennes.hal.science\/hal-01343399\" target=\"_blank\">\u27e8hal-01343399\u27e9<\/a><\/li>\n\n\n\n<li>Haiyang Zhang, Marc Brunel, Marco Romanelli, Marc Vallet. Green pulsed lidar-radar emitter based on a multipass frequency-shifting external cavity. <em>Applied optics<\/em>, 2016, 55 (10), pp.2467&#8211;2473. <a rel=\"noreferrer noopener\" href=\"https:\/\/dx.doi.org\/10.1364\/AO.55.002467\" target=\"_blank\">\u27e810.1364\/AO.55.002467\u27e9<\/a>. <a rel=\"noreferrer noopener\" href=\"https:\/\/univ-rennes.hal.science\/hal-01343399\" target=\"_blank\">\u27e8hal-01343399\u27e9<\/a><\/li>\n\n\n\n<li>Juan Clement, C\u00f4me Schnebelin, Hugues Guillet de Chatellus, Carlos Fern\u00e1ndez-Pousa. Laser ranging using coherent pulse compression with frequency shifting loops. <em>Optics Express<\/em>, 2019, 27 (9), pp.12000. <a rel=\"noreferrer noopener\" href=\"https:\/\/dx.doi.org\/10.1364\/OE.27.012000\" target=\"_blank\">\u27e810.1364\/OE.27.012000\u27e9<\/a>. <a rel=\"noreferrer noopener\" href=\"https:\/\/hal.science\/hal-02102231\" target=\"_blank\">\u27e8hal-02102231\u27e9<\/a><\/li>\n\n\n\n<li>Vincent Billault, Vicente Dur\u00e1n, Carlos R Fern\u00e1ndez-Pousa, Vincent Crozatier, Daniel Dolfi, et al.. All-optical coherent pulse compression for dynamic laser ranging using an acousto-optic dual comb. <em>Optics Express<\/em>, 2021, 29, <a rel=\"noreferrer noopener\" href=\"https:\/\/dx.doi.org\/10.1364\/oe.430998\" target=\"_blank\">\u27e810.1364\/oe.430998\u27e9<\/a>. <a rel=\"noreferrer noopener\" href=\"https:\/\/hal.science\/hal-03441638\" target=\"_blank\">\u27e8hal-03441638\u27e9<\/a><\/li>\n<\/ul>\n","protected":false},"excerpt":{"rendered":"<p>Le lidar (Light Detection and Ranging), est une technique d\u2019imagerie de plus en plus r\u00e9pandue, notamment dans le contexte du d\u00e9veloppement de syst\u00e8mes autonomes (voiture sans chauffeurs, drones) dans diff\u00e9rents domaines d\u2019applications (m\u00e9t\u00e9orologie, aide \u00e0 la navigation, surveillance, d\u00e9tection, d\u00e9tection de menace\u2026) Dans l\u2019\u00e9quipe DOP, nous cherchons \u00e0 am\u00e9liorer les techniques Lidar existantes en proposant de nouvelles fonctionnalit\u00e9s pour des performances accrues.<\/p>\n","protected":false},"author":3,"featured_media":4750,"comment_status":"closed","ping_status":"closed","sticky":false,"template":"","format":"standard","meta":{"inline_featured_image":false,"footnotes":""},"categories":[61],"tags":[30,108,93,84],"class_list":["post-4749","post","type-post","status-publish","format-standard","has-post-thumbnail","hentry","category-activites","tag-axe1","tag-departement-dop","tag-imagerie","tag-polar-senseurs-imagerie"],"translation":{"provider":"WPGlobus","version":"3.0.2","language":"en","enabled_languages":["fr","en"],"languages":{"fr":{"title":true,"content":true,"excerpt":true},"en":{"title":true,"content":true,"excerpt":false}}},"_links":{"self":[{"href":"https:\/\/www.institut-foton.eu\/en\/wp-json\/wp\/v2\/posts\/4749","targetHints":{"allow":["GET"]}}],"collection":[{"href":"https:\/\/www.institut-foton.eu\/en\/wp-json\/wp\/v2\/posts"}],"about":[{"href":"https:\/\/www.institut-foton.eu\/en\/wp-json\/wp\/v2\/types\/post"}],"author":[{"embeddable":true,"href":"https:\/\/www.institut-foton.eu\/en\/wp-json\/wp\/v2\/users\/3"}],"replies":[{"embeddable":true,"href":"https:\/\/www.institut-foton.eu\/en\/wp-json\/wp\/v2\/comments?post=4749"}],"version-history":[{"count":20,"href":"https:\/\/www.institut-foton.eu\/en\/wp-json\/wp\/v2\/posts\/4749\/revisions"}],"predecessor-version":[{"id":11229,"href":"https:\/\/www.institut-foton.eu\/en\/wp-json\/wp\/v2\/posts\/4749\/revisions\/11229"}],"wp:featuredmedia":[{"embeddable":true,"href":"https:\/\/www.institut-foton.eu\/en\/wp-json\/wp\/v2\/media\/4750"}],"wp:attachment":[{"href":"https:\/\/www.institut-foton.eu\/en\/wp-json\/wp\/v2\/media?parent=4749"}],"wp:term":[{"taxonomy":"category","embeddable":true,"href":"https:\/\/www.institut-foton.eu\/en\/wp-json\/wp\/v2\/categories?post=4749"},{"taxonomy":"post_tag","embeddable":true,"href":"https:\/\/www.institut-foton.eu\/en\/wp-json\/wp\/v2\/tags?post=4749"}],"curies":[{"name":"wp","href":"https:\/\/api.w.org\/{rel}","templated":true}]}}