{"id":5901,"date":"2023-11-28T09:53:36","date_gmt":"2023-11-28T08:53:36","guid":{"rendered":"https:\/\/www.institut-foton.eu\/?p=5901"},"modified":"2025-09-23T11:59:36","modified_gmt":"2025-09-23T09:59:36","slug":"etudes-des-proprietes-electro-optiques","status":"publish","type":"post","link":"https:\/\/www.institut-foton.eu\/en\/etudes-des-proprietes-electro-optiques\/","title":{"rendered":"Structural and electro-optical characterizations\u00a0"},"content":{"rendered":"\n<p>Contact: <a href=\"https:\/\/www.institut-foton.eu\/leger-yoan\/\" data-type=\"post\" data-id=\"3628\">Yoan L\u00c9GER<\/a><\/p>\n\n\n\n<div class=\"wp-block-group is-nowrap is-layout-flex wp-container-core-group-is-layout-6c531013 wp-block-group-is-layout-flex\">\n<figure class=\"wp-block-image size-full is-resized\"><img loading=\"lazy\" decoding=\"async\" width=\"423\" height=\"306\" src=\"https:\/\/www.institut-foton.eu\/wp-content\/uploads\/2024\/01\/X-1.jpg\" alt=\"\" class=\"wp-image-7074\" style=\"width:212px;height:auto\" srcset=\"https:\/\/www.institut-foton.eu\/wp-content\/uploads\/2024\/01\/X-1.jpg 423w, https:\/\/www.institut-foton.eu\/wp-content\/uploads\/2024\/01\/X-1-300x217.jpg 300w\" sizes=\"auto, (max-width: 423px) 100vw, 423px\" \/><\/figure>\n\n\n\n<figure class=\"wp-block-image size-large is-resized\"><img loading=\"lazy\" decoding=\"async\" width=\"1024\" height=\"680\" src=\"https:\/\/www.institut-foton.eu\/wp-content\/uploads\/2023\/11\/Carac-1024x680.jpg\" alt=\"\" class=\"wp-image-6290\" style=\"width:234px;height:auto\" srcset=\"https:\/\/www.institut-foton.eu\/wp-content\/uploads\/2023\/11\/Carac-1024x680.jpg 1024w, https:\/\/www.institut-foton.eu\/wp-content\/uploads\/2023\/11\/Carac-300x199.jpg 300w, https:\/\/www.institut-foton.eu\/wp-content\/uploads\/2023\/11\/Carac-768x510.jpg 768w, https:\/\/www.institut-foton.eu\/wp-content\/uploads\/2023\/11\/Carac-1536x1020.jpg 1536w, https:\/\/www.institut-foton.eu\/wp-content\/uploads\/2023\/11\/Carac-2048x1360.jpg 2048w\" sizes=\"auto, (max-width: 1024px) 100vw, 1024px\" \/><\/figure>\n\n\n\n<figure class=\"wp-block-image size-full is-resized\"><img loading=\"lazy\" decoding=\"async\" width=\"671\" height=\"854\" src=\"https:\/\/www.institut-foton.eu\/wp-content\/uploads\/2024\/01\/meb.jpg\" alt=\"\" class=\"wp-image-7070\" style=\"width:121px;height:auto\" srcset=\"https:\/\/www.institut-foton.eu\/wp-content\/uploads\/2024\/01\/meb.jpg 671w, https:\/\/www.institut-foton.eu\/wp-content\/uploads\/2024\/01\/meb-236x300.jpg 236w\" sizes=\"auto, (max-width: 671px) 100vw, 671px\" \/><\/figure>\n\n\n\n<figure class=\"wp-block-image size-full is-resized\"><img loading=\"lazy\" decoding=\"async\" width=\"446\" height=\"638\" src=\"https:\/\/www.institut-foton.eu\/wp-content\/uploads\/2024\/01\/mi-bot.jpg\" alt=\"\" class=\"wp-image-7071\" style=\"width:107px;height:auto\" srcset=\"https:\/\/www.institut-foton.eu\/wp-content\/uploads\/2024\/01\/mi-bot.jpg 446w, https:\/\/www.institut-foton.eu\/wp-content\/uploads\/2024\/01\/mi-bot-210x300.jpg 210w\" sizes=\"auto, (max-width: 446px) 100vw, 446px\" \/><\/figure>\n\n\n\n<figure class=\"wp-block-image size-large is-resized\"><img loading=\"lazy\" decoding=\"async\" width=\"1024\" height=\"683\" src=\"https:\/\/www.institut-foton.eu\/wp-content\/uploads\/2024\/01\/TiSaph-1024x683.jpg\" alt=\"\" class=\"wp-image-7073\" style=\"width:231px;height:auto\" srcset=\"https:\/\/www.institut-foton.eu\/wp-content\/uploads\/2024\/01\/TiSaph-1024x683.jpg 1024w, https:\/\/www.institut-foton.eu\/wp-content\/uploads\/2024\/01\/TiSaph-300x200.jpg 300w, https:\/\/www.institut-foton.eu\/wp-content\/uploads\/2024\/01\/TiSaph-768x512.jpg 768w, https:\/\/www.institut-foton.eu\/wp-content\/uploads\/2024\/01\/TiSaph-1536x1024.jpg 1536w, https:\/\/www.institut-foton.eu\/wp-content\/uploads\/2024\/01\/TiSaph-2048x1365.jpg 2048w\" sizes=\"auto, (max-width: 1024px) 100vw, 1024px\" \/><\/figure>\n<\/div>\n\n\n\n<p>L&#8217;\u00e9quipe OHM de l&#8217;Institut Foton dispose de moyens d\u00e9di\u00e9s aux <strong>caract\u00e9risations structurales<\/strong> (MEB, Diffraction X), <strong>optiques et \u00e9lectro-optiques<\/strong> de mat\u00e9riaux et composants <strong>photoniques<\/strong>. Les bancs de mesures optiques comprennent notamment:<\/p>\n\n\n\n<ul class=\"wp-block-list puce1\">\n<li>Bancs de mesures pour des longueurs d\u2019onde d\u2019\u00e9mission de 0,4 \u00e0 5\u202f\u00b5m, avec ou sans syst\u00e8me de cryog\u00e9nie (de 10 \u00e0 400\u202fK), photoluminescence, \u00e9lectroluminescence, mesures laser, microscopie<\/li>\n\n\n\n<li>Cha\u00eene laser \u00e0 impulsion ultra-courte (130\u202ffs) couvrant le spectre de [0.4, 3]\u202f\u00b5m<\/li>\n\n\n\n<li>Banc de mesure du rendement quantique de cellules solaires<\/li>\n<\/ul>\n\n\n\n<p>Plus d\u2019information sur les comp\u00e9tences et \u00e9quipements de l\u2019\u00e9quipe en <strong>Caract\u00e9risations structurales et \u00e9lectro-optiques<\/strong> sont disponibles sur la page d\u00e9di\u00e9e de la plateforme <a href=\"https:\/\/nanorennes.cnrs.fr\/pole-caracterisation\/\">nanoRennes<\/a>.<\/p>\n\n\n\n<h2 class=\"wp-block-heading\">Personnels techniques impliqu\u00e9s<\/h2>\n\n\n\n<div class=\"wp-block-columns is-layout-flex wp-container-core-columns-is-layout-28f84493 wp-block-columns-is-layout-flex\">\n<div class=\"wp-block-column is-layout-flow wp-block-column-is-layout-flow\">\n<div class=\"wp-block-query is-layout-flow wp-block-query-is-layout-flow\">\n<div class=\"wp-block-group is-layout-constrained wp-block-group-is-layout-constrained\"><ul class=\"columns-1 wp-block-post-template is-layout-grid wp-container-core-post-template-is-layout-19505109 wp-block-post-template-is-layout-grid\"><li class=\"wp-block-post post-3620 post type-post status-publish format-standard has-post-thumbnail hentry category-personnels category-personnels-techniques-et-administratifs tag-departement-ohm tag-nanorennes\">\n<figure style=\"aspect-ratio:1;\" class=\"alignwide wp-block-post-featured-image\"><a href=\"https:\/\/www.institut-foton.eu\/en\/lapeyre-julien\/\" target=\"_self\"  ><img loading=\"lazy\" decoding=\"async\" width=\"512\" height=\"512\" src=\"https:\/\/www.institut-foton.eu\/wp-content\/uploads\/Personnels\/lapeyre_julien.jpg\" class=\"attachment-post-thumbnail size-post-thumbnail wp-post-image\" alt=\"LAPEYRE Julien\" style=\"width:100%;height:100%;object-fit:cover;\" srcset=\"https:\/\/www.institut-foton.eu\/wp-content\/uploads\/Personnels\/lapeyre_julien.jpg 512w, https:\/\/www.institut-foton.eu\/wp-content\/uploads\/Personnels\/lapeyre_julien-300x300.jpg 300w, https:\/\/www.institut-foton.eu\/wp-content\/uploads\/Personnels\/lapeyre_julien-150x150.jpg 150w, https:\/\/www.institut-foton.eu\/wp-content\/uploads\/Personnels\/lapeyre_julien-270x270.jpg 270w, https:\/\/www.institut-foton.eu\/wp-content\/uploads\/Personnels\/lapeyre_julien-230x230.jpg 230w\" sizes=\"auto, (max-width: 512px) 100vw, 512px\" \/><\/a><\/figure>\n\n<h4 class=\"wp-block-post-title has-small-font-size\"><a href=\"https:\/\/www.institut-foton.eu\/en\/lapeyre-julien\/\" target=\"_self\" >LAPEYRE Julien<\/a><\/h4>\n\n<div style=\"font-size:8px;\" class=\"minimargetop wp-block-post-excerpt\"><p class=\"wp-block-post-excerpt__excerpt\">(+33)2&nbsp;23&nbsp;23&nbsp;84&nbsp;98 or&nbsp;(+33)2&nbsp;23&nbsp;23&nbsp;87&nbsp;72 Technician <\/p><\/div>\n<\/li><\/ul><\/div>\n<\/div>\n<\/div>\n\n\n\n<div class=\"wp-block-column is-layout-flow wp-block-column-is-layout-flow\">\n<div class=\"wp-block-query is-layout-flow wp-block-query-is-layout-flow\">\n<div class=\"wp-block-group is-layout-constrained wp-block-group-is-layout-constrained\"><ul class=\"columns-1 wp-block-post-template is-layout-grid wp-container-core-post-template-is-layout-19505109 wp-block-post-template-is-layout-grid\"><li class=\"wp-block-post post-3640 post type-post status-publish format-standard has-post-thumbnail hentry category-personnels category-personnels-techniques-et-administratifs tag-departement-ohm\">\n<figure style=\"aspect-ratio:1;\" class=\"alignwide wp-block-post-featured-image\"><a href=\"https:\/\/www.institut-foton.eu\/en\/naim-alex\/\" target=\"_self\"  ><img loading=\"lazy\" decoding=\"async\" width=\"512\" height=\"512\" src=\"https:\/\/www.institut-foton.eu\/wp-content\/uploads\/Personnels\/naim_alex.jpg\" class=\"attachment-post-thumbnail size-post-thumbnail wp-post-image\" alt=\"NA\u00cfM Alex\" style=\"width:100%;height:100%;object-fit:cover;\" srcset=\"https:\/\/www.institut-foton.eu\/wp-content\/uploads\/Personnels\/naim_alex.jpg 512w, https:\/\/www.institut-foton.eu\/wp-content\/uploads\/Personnels\/naim_alex-300x300.jpg 300w, https:\/\/www.institut-foton.eu\/wp-content\/uploads\/Personnels\/naim_alex-150x150.jpg 150w, https:\/\/www.institut-foton.eu\/wp-content\/uploads\/Personnels\/naim_alex-270x270.jpg 270w, https:\/\/www.institut-foton.eu\/wp-content\/uploads\/Personnels\/naim_alex-230x230.jpg 230w\" sizes=\"auto, (max-width: 512px) 100vw, 512px\" \/><\/a><\/figure>\n\n<h4 class=\"wp-block-post-title has-small-font-size\"><a href=\"https:\/\/www.institut-foton.eu\/en\/naim-alex\/\" target=\"_self\" >NA\u00cfM Alex<\/a><\/h4>\n\n<div style=\"font-size:8px;\" class=\"minimargetop wp-block-post-excerpt\"><p class=\"wp-block-post-excerpt__excerpt\">(+33)2&nbsp;23&nbsp;23&nbsp;88&nbsp;79 Technician <\/p><\/div>\n<\/li><\/ul><\/div>\n<\/div>\n<\/div>\n\n\n\n<div class=\"wp-block-column is-layout-flow wp-block-column-is-layout-flow\">\n<div class=\"wp-block-query is-layout-flow wp-block-query-is-layout-flow\">\n<div class=\"wp-block-group is-layout-constrained wp-block-group-is-layout-constrained\"><ul class=\"columns-1 wp-block-post-template is-layout-grid wp-container-core-post-template-is-layout-19505109 wp-block-post-template-is-layout-grid\"><li class=\"wp-block-post post-3651 post type-post status-publish format-standard has-post-thumbnail hentry category-personnels category-personnels-techniques-et-administratifs tag-departement-ohm tag-nanorennes\">\n<figure style=\"aspect-ratio:1;\" class=\"alignwide wp-block-post-featured-image\"><a href=\"https:\/\/www.institut-foton.eu\/en\/rambaud-anthony\/\" target=\"_self\"  ><img loading=\"lazy\" decoding=\"async\" width=\"317\" height=\"211\" src=\"https:\/\/www.institut-foton.eu\/wp-content\/uploads\/Personnels\/rambaud_anthony.jpg\" class=\"attachment-post-thumbnail size-post-thumbnail wp-post-image\" alt=\"RAMBAUD Anthony\" style=\"width:100%;height:100%;object-fit:cover;\" srcset=\"https:\/\/www.institut-foton.eu\/wp-content\/uploads\/Personnels\/rambaud_anthony.jpg 317w, https:\/\/www.institut-foton.eu\/wp-content\/uploads\/Personnels\/rambaud_anthony-300x200.jpg 300w\" sizes=\"auto, (max-width: 317px) 100vw, 317px\" \/><\/a><\/figure>\n\n<h4 class=\"wp-block-post-title has-small-font-size\"><a href=\"https:\/\/www.institut-foton.eu\/en\/rambaud-anthony\/\" target=\"_self\" >RAMBAUD Anthony<\/a><\/h4>\n\n<div style=\"font-size:8px;\" class=\"minimargetop wp-block-post-excerpt\"><p class=\"wp-block-post-excerpt__excerpt\">(+33)2&nbsp;23&nbsp;23&nbsp;86&nbsp;43 Technician <\/p><\/div>\n<\/li><\/ul><\/div>\n<\/div>\n<\/div>\n\n\n\n<div class=\"wp-block-column is-layout-flow wp-block-column-is-layout-flow\"><\/div>\n<\/div>\n","protected":false},"excerpt":{"rendered":"<p>Contact: Yoan L\u00c9GER<\/p>\n","protected":false},"author":3,"featured_media":6290,"comment_status":"closed","ping_status":"closed","sticky":false,"template":"","format":"standard","meta":{"inline_featured_image":false,"footnotes":""},"categories":[75,9],"tags":[110],"class_list":["post-5901","post","type-post","status-publish","format-standard","has-post-thumbnail","hentry","category-competences-et-equipements","category-non-classe","tag-departement-ohm"],"translation":{"provider":"WPGlobus","version":"3.0.2","language":"en","enabled_languages":["fr","en"],"languages":{"fr":{"title":true,"content":true,"excerpt":true},"en":{"title":true,"content":false,"excerpt":false}}},"_links":{"self":[{"href":"https:\/\/www.institut-foton.eu\/en\/wp-json\/wp\/v2\/posts\/5901","targetHints":{"allow":["GET"]}}],"collection":[{"href":"https:\/\/www.institut-foton.eu\/en\/wp-json\/wp\/v2\/posts"}],"about":[{"href":"https:\/\/www.institut-foton.eu\/en\/wp-json\/wp\/v2\/types\/post"}],"author":[{"embeddable":true,"href":"https:\/\/www.institut-foton.eu\/en\/wp-json\/wp\/v2\/users\/3"}],"replies":[{"embeddable":true,"href":"https:\/\/www.institut-foton.eu\/en\/wp-json\/wp\/v2\/comments?post=5901"}],"version-history":[{"count":9,"href":"https:\/\/www.institut-foton.eu\/en\/wp-json\/wp\/v2\/posts\/5901\/revisions"}],"predecessor-version":[{"id":11368,"href":"https:\/\/www.institut-foton.eu\/en\/wp-json\/wp\/v2\/posts\/5901\/revisions\/11368"}],"wp:featuredmedia":[{"embeddable":true,"href":"https:\/\/www.institut-foton.eu\/en\/wp-json\/wp\/v2\/media\/6290"}],"wp:attachment":[{"href":"https:\/\/www.institut-foton.eu\/en\/wp-json\/wp\/v2\/media?parent=5901"}],"wp:term":[{"taxonomy":"category","embeddable":true,"href":"https:\/\/www.institut-foton.eu\/en\/wp-json\/wp\/v2\/categories?post=5901"},{"taxonomy":"post_tag","embeddable":true,"href":"https:\/\/www.institut-foton.eu\/en\/wp-json\/wp\/v2\/tags?post=5901"}],"curies":[{"name":"wp","href":"https:\/\/api.w.org\/{rel}","templated":true}]}}