{"id":6747,"date":"2024-01-17T10:27:08","date_gmt":"2024-01-17T09:27:08","guid":{"rendered":"https:\/\/www.institut-foton.eu\/?p=6747"},"modified":"2024-03-21T08:41:58","modified_gmt":"2024-03-21T07:41:58","slug":"seminaire-lucas-deniel","status":"publish","type":"post","link":"https:\/\/www.institut-foton.eu\/en\/seminaire-lucas-deniel\/","title":{"rendered":"S\u00e9minaire &#8211; Lucas Deniel &#8211; 30\/01\/2024"},"content":{"rendered":"\n<p>Dans le cadre des conf\u00e9rences de la formation d&#8217;ing\u00e9nieur en Photonique de l&#8217;Enssat et des 20 ans de l&#8217;Institut Foton,<strong>l&#8217;Institut Foton vous invite \u00e0 participer au s\u00e9minaire<\/strong><strong>public&nbsp;<\/strong><strong>le&nbsp;mardi&nbsp;30 janvier \u00e0 14h (salle 020G)&nbsp;<\/strong><strong>:<\/strong><\/p>\n\n\n\n<p class=\"has-text-align-center\"><strong>Peignes de fr\u00e9quences optiques et photonique int\u00e9gr\u00e9e<\/strong><\/p>\n\n\n\n<p class=\"has-text-align-center has-vivid-cyan-blue-color has-text-color has-link-color wp-elements-2216a24302d4dd213fd595735c03ce2b\"> Lucas Deniel<\/p>\n\n\n\n<p class=\"has-text-align-center\">Institut FOTON \/ ENSSAT<\/p>\n\n\n\n<p>Cf.  le r\u00e9sum\u00e9 dans l&#8217;annonce ci-dessous.<\/p>\n\n\n\n<div data-wp-interactive=\"core\/file\" class=\"wp-block-file\"><object data-wp-bind--hidden=\"!state.hasPdfPreview\" hidden class=\"wp-block-file__embed\" data=\"https:\/\/www.institut-foton.eu\/wp-content\/uploads\/2024\/01\/2024_Seminaire_Lucas-Deniel.pdf\" type=\"application\/pdf\" style=\"width:100%;height:600px\" aria-label=\"Embed of 2024_Seminaire_Lucas-Deniel.\"><\/object><a id=\"wp-block-file--media-3108aed7-0bad-4af2-8979-a9ae420e360f\" href=\"https:\/\/www.institut-foton.eu\/wp-content\/uploads\/2024\/01\/2024_Seminaire_Lucas-Deniel.pdf\">2024_Seminaire_Lucas-Deniel<\/a><a href=\"https:\/\/www.institut-foton.eu\/wp-content\/uploads\/2024\/01\/2024_Seminaire_Lucas-Deniel.pdf\" class=\"wp-block-file__button wp-element-button\" download aria-describedby=\"wp-block-file--media-3108aed7-0bad-4af2-8979-a9ae420e360f\">T\u00e9l\u00e9charger<\/a><\/div>\n","protected":false},"excerpt":{"rendered":"<p>Dans le cadre des conf\u00e9rences de la formation d&#8217;ing\u00e9nieur en Photonique de l&#8217;Enssat et des 20 ans de l&#8217;Institut Foton,l&#8217;Institut Foton vous invite \u00e0 participer au s\u00e9minairepublic&nbsp;le&nbsp;mardi&nbsp;30 janvier \u00e0 14h (salle 020G)&nbsp;: Peignes de fr\u00e9quences optiques et photonique int\u00e9gr\u00e9e Lucas<\/p>\n","protected":false},"author":6,"featured_media":0,"comment_status":"closed","ping_status":"closed","sticky":false,"template":"","format":"standard","meta":{"inline_featured_image":false,"footnotes":""},"categories":[37],"tags":[],"class_list":["post-6747","post","type-post","status-publish","format-standard","hentry","category-agenda"],"translation":{"provider":"WPGlobus","version":"3.0.2","language":"en","enabled_languages":["fr","en"],"languages":{"fr":{"title":true,"content":true,"excerpt":false},"en":{"title":false,"content":false,"excerpt":false}}},"_links":{"self":[{"href":"https:\/\/www.institut-foton.eu\/en\/wp-json\/wp\/v2\/posts\/6747","targetHints":{"allow":["GET"]}}],"collection":[{"href":"https:\/\/www.institut-foton.eu\/en\/wp-json\/wp\/v2\/posts"}],"about":[{"href":"https:\/\/www.institut-foton.eu\/en\/wp-json\/wp\/v2\/types\/post"}],"author":[{"embeddable":true,"href":"https:\/\/www.institut-foton.eu\/en\/wp-json\/wp\/v2\/users\/6"}],"replies":[{"embeddable":true,"href":"https:\/\/www.institut-foton.eu\/en\/wp-json\/wp\/v2\/comments?post=6747"}],"version-history":[{"count":3,"href":"https:\/\/www.institut-foton.eu\/en\/wp-json\/wp\/v2\/posts\/6747\/revisions"}],"predecessor-version":[{"id":6751,"href":"https:\/\/www.institut-foton.eu\/en\/wp-json\/wp\/v2\/posts\/6747\/revisions\/6751"}],"wp:attachment":[{"href":"https:\/\/www.institut-foton.eu\/en\/wp-json\/wp\/v2\/media?parent=6747"}],"wp:term":[{"taxonomy":"category","embeddable":true,"href":"https:\/\/www.institut-foton.eu\/en\/wp-json\/wp\/v2\/categories?post=6747"},{"taxonomy":"post_tag","embeddable":true,"href":"https:\/\/www.institut-foton.eu\/en\/wp-json\/wp\/v2\/tags?post=6747"}],"curies":[{"name":"wp","href":"https:\/\/api.w.org\/{rel}","templated":true}]}}