{"id":7237,"date":"2024-02-02T12:28:48","date_gmt":"2024-02-02T11:28:48","guid":{"rendered":"https:\/\/www.institut-foton.eu\/?p=7237"},"modified":"2025-07-16T16:37:18","modified_gmt":"2025-07-16T14:37:18","slug":"dynamique-vectorielle-des-lasers","status":"publish","type":"post","link":"https:\/\/www.institut-foton.eu\/en\/dynamique-vectorielle-des-lasers\/","title":{"rendered":"Dynamique vectorielle des lasers"},"content":{"rendered":"\n<p class=\"back has-background\" style=\"background-color:#90c91e21\">\u2b9e <a href=\"https:\/\/www.institut-foton.eu\/dpts\/dop\/\" data-type=\"page\" data-id=\"56\">D\u00e9partement DOP<\/a> \u2b9e <a href=\"https:\/\/www.institut-foton.eu\/dpts\/dop\/#Thematiques_de_recherche\" data-type=\"page\" data-id=\"56\">Th\u00e9matiques de recherche<\/a> \u2b9e <a href=\"https:\/\/www.institut-foton.eu\/dynamique-des-lasers\/\" data-type=\"post\" data-id=\"602\">Activit\u00e9 \u00ab\u202fDynamique des lasers\u202f\u00bb<\/a> \u2b9e<\/p>\n\n\n\n\n\n\n\n<h2 class=\"wp-block-heading\">Pr\u00e9sentation<\/h2>\n\n\n\n<p>Cette th\u00e9matique de recherche vise \u00e0 comprendre diff\u00e9rents aspects de la dynamique des lasers, avec une attention particuli\u00e8re port\u00e9e aux lasers bi-polarisation. Nous nous int\u00e9ressons aux comportements vectoriels des modes intracavit\u00e9, que ce soit dans les lasers \u00e0 semi-conducteurs, dans les lasers \u00e0 fibre ou dans les lasers \u00e0 solides dop\u00e9s aux terres rares \u2013 type microchip pomp\u00e9 par diode ou lasers \u00e0 verrouillage de modes \u00e9mettant des peignes de fr\u00e9quences. Ces \u00e9tudes ont un int\u00e9r\u00eat fondamental, mais visent \u00e9galement des applications concr\u00e8tes (par exemple de nouveaux protocoles de communication pour les spin-lasers ou la t\u00e9l\u00e9m\u00e9trie <em>dual-comb<\/em> pour les lasers \u00e0 peignes de fr\u00e9quences), Ces \u00e9tudes sont \u00e9galement en lien avec les travaux de l\u2019\u00e9quipe en Optique hyper-fr\u00e9quence et TeraHertz et m\u00e9trologie).<\/p>\n\n\n\n<figure class=\"wp-block-image aligncenter size-full is-resized\"><img loading=\"lazy\" decoding=\"async\" width=\"1024\" height=\"768\" src=\"https:\/\/www.institut-foton.eu\/wp-content\/uploads\/2024\/02\/marie-marc.jpg\" alt=\"\" class=\"wp-image-7239\" style=\"object-fit:cover;width:474px;height:auto\" srcset=\"https:\/\/www.institut-foton.eu\/wp-content\/uploads\/2024\/02\/marie-marc.jpg 1024w, https:\/\/www.institut-foton.eu\/wp-content\/uploads\/2024\/02\/marie-marc-300x225.jpg 300w, https:\/\/www.institut-foton.eu\/wp-content\/uploads\/2024\/02\/marie-marc-768x576.jpg 768w\" sizes=\"auto, (max-width: 1024px) 100vw, 1024px\" \/><figcaption class=\"wp-element-caption\">Fig.1 Une doctorante au travail avec son encadrant<\/figcaption><\/figure>\n\n\n\n<h3 class=\"wp-block-heading\"><em>Spin-lasers<\/em>, lasers contr\u00f4l\u00e9s par injection de spin \u00e9lectronique<\/h3>\n\n\n\n<p>Cette th\u00e9matique est men\u00e9e en \u00e9troite collaboration avec l\u2019UMR CNRS\/Thales et le LPN. Elle vise \u00e0 utiliser l\u2019injection de spin \u00e9lectronique pour contr\u00f4ler les propri\u00e9t\u00e9s de polarisation d\u2019un laser. Pour cela nous cherchons \u00e0 tirer profit conjointement des propri\u00e9t\u00e9s dynamiques et vectorielles de lasers de type VCSEL afin d\u2019exalter le basculement de polarisation induit par un changement du spin \u00e9lectronique du pompage m\u00eame si ce dernier est tr\u00e8s peu efficace. Nos mod\u00e9lisations th\u00e9oriques ont permis de pr\u00e9dire l\u2019architecture ad\u00e9quate pour un tel laser. Nous venons ainsi d\u2019observer exp\u00e9rimentalement le basculement de polarisation dans un laser \u00e0 cavit\u00e9 \u00e9tendue ouvrant la voie \u00e0 de nombreuses perspectives en opto-spintronique.<\/p>\n\n\n\n<figure class=\"wp-block-image aligncenter size-full\"><img loading=\"lazy\" decoding=\"async\" width=\"613\" height=\"269\" src=\"https:\/\/www.institut-foton.eu\/wp-content\/uploads\/2024\/02\/image.png\" alt=\"\" class=\"wp-image-7240\" srcset=\"https:\/\/www.institut-foton.eu\/wp-content\/uploads\/2024\/02\/image.png 613w, https:\/\/www.institut-foton.eu\/wp-content\/uploads\/2024\/02\/image-300x132.png 300w\" sizes=\"auto, (max-width: 613px) 100vw, 613px\" \/><figcaption class=\"wp-element-caption\">Fig.2 Mod\u00e8le de cavit\u00e9 \u00e0 anisotropies localis\u00e9es.<\/figcaption><\/figure>\n\n\n\n<h3 class=\"wp-block-heading\">Peignes de fr\u00e9quences \u00e0 deux \u00e9tats de polarisation<\/h3>\n\n\n\n<p>Les \u00e9tats de polarisation des lasers \u00e0 verrouillage de modes sont g\u00e9n\u00e9ralement impos\u00e9s par le l\u2019anisotropie du milieu actif, et le plus souvent un seul \u00e9tat de polarisation lin\u00e9aire est \u00e9mis. R\u00e9cemment, la possibilit\u00e9 d\u2019\u00e9mettre deux \u00e9tats de polarisation simultan\u00e9ment du m\u00eame oscillateur a suscit\u00e9 l\u2019int\u00e9r\u00eat, notamment pour la g\u00e9n\u00e9ration de doubles peignes pour les applications de spectroscopie ou en lidar (technique \u00ab&nbsp;dual-comb&nbsp;\u00bb). Nous travaillons actuellement sur des lasers \u00e0 cristaux dop\u00e9s \u00e0 l\u2019ytterbium dans des architectures de cavit\u00e9 o\u00f9 l\u2019\u00e9mission de deux \u00e9tats de polarisations orthogonaux est possible. Nous pouvons distinguer des configurations o\u00f9 les deux \u00e9tats de polarisation sont \u00e9mis simultan\u00e9ment (peignes synchrones), ce qui donne lieu \u00e0 des s\u00e9quences de polarisations ajustables dans le train d\u2019impulsions. Nous pouvons \u00e9galement s\u00e9parer spatialement les deux \u00e9tats de polarisation et les rendre ind\u00e9pendants en taux de r\u00e9p\u00e9tition, ce qui offre la perspective de r\u00e9aliser des sources dual-comb accordables.<\/p>\n\n\n\n<figure class=\"wp-block-table\"><table class=\"has-fixed-layout\"><tbody><tr><td><img decoding=\"async\" src=\"https:\/\/www.institut-foton.eu\/wp-content\/uploads\/2024\/02\/image-1.png\" alt=\"\"><\/td><td><img decoding=\"async\" src=\"https:\/\/www.institut-foton.eu\/wp-content\/uploads\/2024\/02\/image-2.png\" alt=\"\"><\/td><td><img decoding=\"async\" src=\"https:\/\/www.institut-foton.eu\/wp-content\/uploads\/2024\/02\/image-3.png\" alt=\"\"><\/td><\/tr><\/tbody><\/table><figcaption class=\"wp-element-caption\">Fig.2 (a) Sch\u00e9ma d&#8217;un laser mode-lock Yb:YAG quasi-isotrope oscillant sur deux \u00e9tats de polarisations. (b) Spectre du battement autour de f<sub>rep<\/sub>\/2, quand la diff\u00e9rence de fr\u00e9quence <em>\u03b4\u03bd<\/em> est hors de la zone d&#8217;accrochage (en rouge) ou dans la zone d&#8217;accrochage (en vert). (c) Dans la zone d&#8217;accrochage, le spectre est f<sub>rep<\/sub>\/2-p\u00e9riodique.<\/figcaption><\/figure>\n\n\n\n<h3 class=\"wp-block-heading\">Impact de la polarisation de la pompe dans les lasers bi-polarisation<\/h3>\n\n\n\n<p>Les lasers solides dop\u00e9s \u00e0 l&#8217;ytterbium sont tr\u00e8s utilis\u00e9s pour la g\u00e9n\u00e9ration d&#8217;impulsions femtosecondes. Dans le cas des cristaux isotropes tels que le YAG, le CaF<sub>2<\/sub>, ou encore le CNGG, deux \u00e9tats de polarisation peuvent osciller simultan\u00e9ment. Nous avons montr\u00e9 que l&#8217;orientation de la polarisation du laser de pompage pouvait avoir une influence sur l&#8217;\u00e9quilibre des puissances \u00e9mises par les deux \u00e9tats propres. De plus, cette influence est gouvern\u00e9e par le coefficient de saturation crois\u00e9e \u00df et par le degr\u00e9 de sym\u00e9trie des sites de l&#8217;ytterbium dans la matrice.<\/p>\n\n\n\n<figure class=\"wp-block-image aligncenter\"><img decoding=\"async\" src=\"https:\/\/www.institut-foton.eu\/wp-content\/uploads\/2024\/02\/image-4.png\" alt=\"\"\/><figcaption class=\"wp-element-caption\">Fig.3 Sch\u00e9ma du laser microchip Yb:YAG<\/figcaption><\/figure>\n\n\n\n<figure class=\"wp-block-table\"><table><tbody><tr><td class=\"has-text-align-center\" data-align=\"center\"><img decoding=\"async\" style=\"width: 500px;\" src=\"https:\/\/www.institut-foton.eu\/wp-content\/uploads\/2024\/02\/image-10-1024x668.png\" alt=\"\"><\/td><td class=\"has-text-align-center\" data-align=\"center\"><img decoding=\"async\" style=\"width: 460px;\" src=\"https:\/\/www.institut-foton.eu\/wp-content\/uploads\/2024\/02\/image-11-1024x750.png\" alt=\"\"><\/td><\/tr><\/tbody><\/table><figcaption class=\"wp-element-caption\">Fig.4 (a) Spectre optique bi-polarisation. (c) Puissance r\u00e9solue en polarisation.<\/figcaption><\/figure>\n\n\n\n<h3 class=\"wp-block-heading\">Stabilisation du battement de lasers \u00e0 fibres bifr\u00e9quences bipolarisations<\/h3>\n\n\n\n<p>Nous avons mis au point plusieurs m\u00e9thodes de stabilisation du battement de lasers \u00e0 fibre dop\u00e9s erbium, DFB ou DBR, \u00e9mettant deux \u00e9tats de polarisation \u00e0 deux fr\u00e9quences diff\u00e9rentes s\u00e9par\u00e9es de 1 GHz ou 10&nbsp;GHz. La m\u00e9thode par boucle \u00e0 verrouillage de phase utilise la puissance de pompe comme actuateur de la diff\u00e9rence de fr\u00e9quence, r\u00e9duisant la largeur de raie de 3 kHz en fonctionnement libre \u00e0 1 Hz en fonctionnement verrouill\u00e9. D\u2019autre part, une \u00e9tude de la r\u00e9-injection optique \u00e0 d\u00e9calage de fr\u00e9quence sur de tels lasers \u00e0 fibres a permis de d\u00e9montrer non seulement des plages d\u2019accrochage o\u00f9 le battement est verrouill\u00e9 sur la r\u00e9f\u00e9rence externe, mais \u00e9galement un nouveau r\u00e9gime dynamique o\u00f9 l\u2019intensit\u00e9 devient instable dans la zone d\u2019accrochage \u00e0 taux de pompage \u00e9lev\u00e9. De telles sources optique-microondes pourraient trouver des applications pour le d\u00e9port optique d\u2019oscillateurs.<\/p>\n\n\n\n<figure class=\"wp-block-image aligncenter size-large is-resized\"><img loading=\"lazy\" decoding=\"async\" width=\"1024\" height=\"1024\" src=\"https:\/\/www.institut-foton.eu\/wp-content\/uploads\/2024\/02\/image-7-1024x1024.png\" alt=\"\" class=\"wp-image-7247\" style=\"width:437px;height:auto\" srcset=\"https:\/\/www.institut-foton.eu\/wp-content\/uploads\/2024\/02\/image-7-1024x1024.png 1024w, https:\/\/www.institut-foton.eu\/wp-content\/uploads\/2024\/02\/image-7-300x300.png 300w, https:\/\/www.institut-foton.eu\/wp-content\/uploads\/2024\/02\/image-7-150x150.png 150w, https:\/\/www.institut-foton.eu\/wp-content\/uploads\/2024\/02\/image-7-768x768.png 768w, https:\/\/www.institut-foton.eu\/wp-content\/uploads\/2024\/02\/image-7-1536x1536.png 1536w, https:\/\/www.institut-foton.eu\/wp-content\/uploads\/2024\/02\/image-7-2048x2048.png 2048w, https:\/\/www.institut-foton.eu\/wp-content\/uploads\/2024\/02\/image-7-270x270.png 270w, https:\/\/www.institut-foton.eu\/wp-content\/uploads\/2024\/02\/image-7-230x230.png 230w\" sizes=\"auto, (max-width: 1024px) 100vw, 1024px\" \/><figcaption class=\"wp-element-caption\">Fig.5 \u00c9mission de lasers \u00e0 fibres bifr\u00e9quences. En haut&nbsp;: spectre optique et battement libre, en bas&nbsp;: battement stabilis\u00e9 et bruit de phase.<\/figcaption><\/figure>\n\n\n\n<h2 class=\"wp-block-heading\">Financements<\/h2>\n\n\n\n<ul class=\"wp-block-list puce1\">\n<li>ANR<\/li>\n\n\n\n<li>DGA<\/li>\n<\/ul>\n\n\n\n<h2 class=\"wp-block-heading\">Personnels de recherche impliqu\u00e9s<\/h2>\n\n\n\n<h3 class=\"wp-block-heading\">Ing\u00e9nieurs de recherche, chercheurs et Enseignants-Chercheurs<\/h3>\n\n\n\n<div class=\"wp-block-columns is-layout-flex wp-container-core-columns-is-layout-28f84493 wp-block-columns-is-layout-flex\">\n<div class=\"wp-block-column is-layout-flow wp-block-column-is-layout-flow\">\n<div class=\"wp-block-query is-layout-flow wp-block-query-is-layout-flow\">\n<div class=\"wp-block-group is-layout-constrained wp-block-group-is-layout-constrained\"><ul class=\"columns-1 wp-block-post-template is-layout-grid wp-container-core-post-template-is-layout-19505109 wp-block-post-template-is-layout-grid\"><li class=\"wp-block-post post-3565 post type-post status-publish format-standard has-post-thumbnail hentry category-personnels category-chercheurs-et-enseignants-chercheurs tag-departement-dop\">\n<figure style=\"aspect-ratio:1;\" class=\"alignwide wp-block-post-featured-image\"><a href=\"https:\/\/www.institut-foton.eu\/en\/alouini-mehdi\/\" target=\"_self\"  ><img loading=\"lazy\" decoding=\"async\" width=\"480\" height=\"320\" src=\"https:\/\/www.institut-foton.eu\/wp-content\/uploads\/Personnels\/alouini_mehdi.jpg\" class=\"attachment-post-thumbnail size-post-thumbnail wp-post-image\" alt=\"ALOUINI Mehdi\" style=\"width:100%;height:100%;object-fit:cover;\" srcset=\"https:\/\/www.institut-foton.eu\/wp-content\/uploads\/Personnels\/alouini_mehdi.jpg 480w, https:\/\/www.institut-foton.eu\/wp-content\/uploads\/Personnels\/alouini_mehdi-300x200.jpg 300w\" sizes=\"auto, (max-width: 480px) 100vw, 480px\" \/><\/a><\/figure>\n\n<h4 class=\"wp-block-post-title has-small-font-size\"><a href=\"https:\/\/www.institut-foton.eu\/en\/alouini-mehdi\/\" target=\"_self\" >ALOUINI Mehdi<\/a><\/h4>\n\n<div style=\"font-size:8px;\" class=\"minimargetop wp-block-post-excerpt\"><p class=\"wp-block-post-excerpt__excerpt\">(+33)2&nbsp;23&nbsp;23&nbsp;66&nbsp;58 Professor Directeur d\u2019Unit\u00e9 <\/p><\/div>\n<\/li><\/ul><\/div>\n<\/div>\n<\/div>\n\n\n\n<div class=\"wp-block-column is-layout-flow wp-block-column-is-layout-flow\">\n<div class=\"wp-block-query is-layout-flow wp-block-query-is-layout-flow\">\n<div class=\"wp-block-query is-layout-flow wp-block-query-is-layout-flow\">\n<div class=\"wp-block-group is-layout-constrained wp-block-group-is-layout-constrained\"><ul class=\"columns-1 wp-block-post-template is-layout-grid wp-container-core-post-template-is-layout-19505109 wp-block-post-template-is-layout-grid\"><li class=\"wp-block-post post-3582 post type-post status-publish format-standard has-post-thumbnail hentry category-personnels category-chercheurs-et-enseignants-chercheurs tag-departement-dop\">\n<figure style=\"aspect-ratio:1;\" class=\"alignwide wp-block-post-featured-image\"><a href=\"https:\/\/www.institut-foton.eu\/en\/brunel-marc\/\" target=\"_self\"  ><img loading=\"lazy\" decoding=\"async\" width=\"800\" height=\"800\" src=\"https:\/\/www.institut-foton.eu\/wp-content\/uploads\/Personnels\/brunel_marc.jpg\" class=\"attachment-post-thumbnail size-post-thumbnail wp-post-image\" alt=\"BRUNEL Marc\" style=\"width:100%;height:100%;object-fit:cover;\" srcset=\"https:\/\/www.institut-foton.eu\/wp-content\/uploads\/Personnels\/brunel_marc.jpg 800w, https:\/\/www.institut-foton.eu\/wp-content\/uploads\/Personnels\/brunel_marc-300x300.jpg 300w, https:\/\/www.institut-foton.eu\/wp-content\/uploads\/Personnels\/brunel_marc-150x150.jpg 150w, https:\/\/www.institut-foton.eu\/wp-content\/uploads\/Personnels\/brunel_marc-768x768.jpg 768w, https:\/\/www.institut-foton.eu\/wp-content\/uploads\/Personnels\/brunel_marc-270x270.jpg 270w, https:\/\/www.institut-foton.eu\/wp-content\/uploads\/Personnels\/brunel_marc-230x230.jpg 230w\" sizes=\"auto, (max-width: 800px) 100vw, 800px\" \/><\/a><\/figure>\n\n<h4 class=\"wp-block-post-title has-small-font-size\"><a href=\"https:\/\/www.institut-foton.eu\/en\/brunel-marc\/\" target=\"_self\" >BRUNEL Marc<\/a><\/h4>\n\n<div style=\"font-size:8px;\" class=\"minimargetop wp-block-post-excerpt\"><p class=\"wp-block-post-excerpt__excerpt\">(+33)2&nbsp;23&nbsp;23&nbsp;55&nbsp;73 Professor <\/p><\/div>\n<\/li><\/ul><\/div>\n<\/div>\n<\/div>\n<\/div>\n\n\n\n<div class=\"wp-block-column is-layout-flow wp-block-column-is-layout-flow\">\n<div class=\"wp-block-query is-layout-flow wp-block-query-is-layout-flow\">\n<div class=\"wp-block-group is-layout-constrained wp-block-group-is-layout-constrained\">\n<div class=\"wp-block-query is-layout-flow wp-block-query-is-layout-flow\">\n<div class=\"wp-block-group is-layout-constrained wp-block-group-is-layout-constrained\"><ul class=\"columns-1 wp-block-post-template is-layout-grid wp-container-core-post-template-is-layout-19505109 wp-block-post-template-is-layout-grid\"><li class=\"wp-block-post post-3633 post type-post status-publish format-standard has-post-thumbnail hentry category-personnels category-personnels-techniques-et-administratifs tag-departement-dop\">\n<figure style=\"aspect-ratio:1;\" class=\"alignwide wp-block-post-featured-image\"><a href=\"https:\/\/www.institut-foton.eu\/en\/loas-goulchen\/\" target=\"_self\"  ><img loading=\"lazy\" decoding=\"async\" width=\"916\" height=\"916\" src=\"https:\/\/www.institut-foton.eu\/wp-content\/uploads\/Personnels\/loas_goulchen.jpg\" class=\"attachment-post-thumbnail size-post-thumbnail wp-post-image\" alt=\"LOAS Goulc\u2019hen\" style=\"width:100%;height:100%;object-fit:cover;\" srcset=\"https:\/\/www.institut-foton.eu\/wp-content\/uploads\/Personnels\/loas_goulchen.jpg 916w, https:\/\/www.institut-foton.eu\/wp-content\/uploads\/Personnels\/loas_goulchen-300x300.jpg 300w, https:\/\/www.institut-foton.eu\/wp-content\/uploads\/Personnels\/loas_goulchen-150x150.jpg 150w, https:\/\/www.institut-foton.eu\/wp-content\/uploads\/Personnels\/loas_goulchen-768x768.jpg 768w, https:\/\/www.institut-foton.eu\/wp-content\/uploads\/Personnels\/loas_goulchen-270x270.jpg 270w, https:\/\/www.institut-foton.eu\/wp-content\/uploads\/Personnels\/loas_goulchen-230x230.jpg 230w\" sizes=\"auto, (max-width: 916px) 100vw, 916px\" \/><\/a><\/figure>\n\n<h4 class=\"wp-block-post-title has-small-font-size\"><a href=\"https:\/\/www.institut-foton.eu\/en\/loas-goulchen\/\" target=\"_self\" >LOAS Goulc\u2019hen<\/a><\/h4>\n\n<div style=\"font-size:8px;\" class=\"minimargetop wp-block-post-excerpt\"><p class=\"wp-block-post-excerpt__excerpt\">(+33)2&nbsp;23&nbsp;23&nbsp;68&nbsp;81 Research Engineer <\/p><\/div>\n<\/li><\/ul><\/div>\n<\/div>\n<\/div>\n<\/div>\n<\/div>\n<\/div>\n\n\n\n<div class=\"wp-block-columns is-layout-flex wp-container-core-columns-is-layout-28f84493 wp-block-columns-is-layout-flex\">\n<div class=\"wp-block-column is-layout-flow wp-block-column-is-layout-flow\">\n<div class=\"wp-block-query is-layout-flow wp-block-query-is-layout-flow\">\n<div class=\"wp-block-group is-layout-constrained wp-block-group-is-layout-constrained\"><ul class=\"columns-1 wp-block-post-template is-layout-grid wp-container-core-post-template-is-layout-19505109 wp-block-post-template-is-layout-grid\"><li class=\"wp-block-post post-3654 post type-post status-publish format-standard has-post-thumbnail hentry category-personnels category-chercheurs-et-enseignants-chercheurs tag-departement-dop\">\n<figure style=\"aspect-ratio:1;\" class=\"alignwide wp-block-post-featured-image\"><a href=\"https:\/\/www.institut-foton.eu\/en\/romanelli-marco\/\" target=\"_self\"  ><img loading=\"lazy\" decoding=\"async\" width=\"1166\" height=\"1459\" src=\"https:\/\/www.institut-foton.eu\/wp-content\/uploads\/Personnels\/romanelli_marco.jpg\" class=\"attachment-post-thumbnail size-post-thumbnail wp-post-image\" alt=\"ROMANELLI Marco\" style=\"width:100%;height:100%;object-fit:cover;\" srcset=\"https:\/\/www.institut-foton.eu\/wp-content\/uploads\/Personnels\/romanelli_marco.jpg 1166w, https:\/\/www.institut-foton.eu\/wp-content\/uploads\/Personnels\/romanelli_marco-240x300.jpg 240w, https:\/\/www.institut-foton.eu\/wp-content\/uploads\/Personnels\/romanelli_marco-818x1024.jpg 818w, https:\/\/www.institut-foton.eu\/wp-content\/uploads\/Personnels\/romanelli_marco-768x961.jpg 768w\" sizes=\"auto, (max-width: 1166px) 100vw, 1166px\" \/><\/a><\/figure>\n\n<h4 class=\"wp-block-post-title has-small-font-size\"><a href=\"https:\/\/www.institut-foton.eu\/en\/romanelli-marco\/\" target=\"_self\" >ROMANELLI Marco<\/a><\/h4>\n\n<div style=\"font-size:8px;\" class=\"minimargetop wp-block-post-excerpt\"><p class=\"wp-block-post-excerpt__excerpt\">(+33)2&nbsp;23&nbsp;23&nbsp;30&nbsp;34 Professor <\/p><\/div>\n<\/li><\/ul><\/div>\n<\/div>\n<\/div>\n\n\n\n<div class=\"wp-block-column is-layout-flow wp-block-column-is-layout-flow\">\n<div class=\"wp-block-query is-layout-flow wp-block-query-is-layout-flow\"><ul class=\"columns-1 wp-block-post-template is-layout-grid wp-container-core-post-template-is-layout-19505109 wp-block-post-template-is-layout-grid\"><li class=\"wp-block-post post-3666 post type-post status-publish format-standard has-post-thumbnail hentry category-personnels category-chercheurs-et-enseignants-chercheurs tag-departement-dop\">\n<figure style=\"aspect-ratio:1;\" class=\"alignwide wp-block-post-featured-image\"><a href=\"https:\/\/www.institut-foton.eu\/en\/vallet-marc\/\" target=\"_self\"  ><img loading=\"lazy\" decoding=\"async\" width=\"388\" height=\"388\" src=\"https:\/\/www.institut-foton.eu\/wp-content\/uploads\/Personnels\/vallet_marc.jpg\" class=\"attachment-post-thumbnail size-post-thumbnail wp-post-image\" alt=\"VALLET Marc\" style=\"width:100%;height:100%;object-fit:cover;\" srcset=\"https:\/\/www.institut-foton.eu\/wp-content\/uploads\/Personnels\/vallet_marc.jpg 388w, https:\/\/www.institut-foton.eu\/wp-content\/uploads\/Personnels\/vallet_marc-300x300.jpg 300w, https:\/\/www.institut-foton.eu\/wp-content\/uploads\/Personnels\/vallet_marc-150x150.jpg 150w, https:\/\/www.institut-foton.eu\/wp-content\/uploads\/Personnels\/vallet_marc-270x270.jpg 270w, https:\/\/www.institut-foton.eu\/wp-content\/uploads\/Personnels\/vallet_marc-230x230.jpg 230w\" sizes=\"auto, (max-width: 388px) 100vw, 388px\" \/><\/a><\/figure>\n\n<h4 class=\"wp-block-post-title has-small-font-size\"><a href=\"https:\/\/www.institut-foton.eu\/en\/vallet-marc\/\" target=\"_self\" >VALLET Marc<\/a><\/h4>\n\n<div style=\"font-size:8px;\" class=\"minimargetop wp-block-post-excerpt\"><p class=\"wp-block-post-excerpt__excerpt\">(+33)2&nbsp;23&nbsp;23&nbsp;62&nbsp;04 Professor Responsable de d\u00e9partement <\/p><\/div>\n<\/li><\/ul><\/div>\n<\/div>\n\n\n\n<div class=\"wp-block-column is-layout-flow wp-block-column-is-layout-flow\"><\/div>\n<\/div>\n\n\n\n<h3 class=\"wp-block-heading\">Doctorants et Post-doctorants<\/h3>\n\n\n\n<div class=\"wp-block-columns is-layout-flex wp-container-core-columns-is-layout-28f84493 wp-block-columns-is-layout-flex\">\n<div class=\"wp-block-column is-layout-flow wp-block-column-is-layout-flow\">\n<div class=\"wp-block-query is-layout-flow wp-block-query-is-layout-flow\">\n<div class=\"wp-block-group is-layout-constrained wp-block-group-is-layout-constrained\"><ul class=\"columns-1 wp-block-post-template is-layout-grid wp-container-core-post-template-is-layout-19505109 wp-block-post-template-is-layout-grid\"><li class=\"wp-block-post post-3563 post type-post status-publish format-standard has-post-thumbnail hentry category-alumni category-anciens tag-departement-dop\">\n<figure style=\"aspect-ratio:1;\" class=\"alignwide wp-block-post-featured-image\"><a href=\"https:\/\/www.institut-foton.eu\/en\/akagla-herman\/\" target=\"_self\"  ><img loading=\"lazy\" decoding=\"async\" width=\"512\" height=\"512\" src=\"https:\/\/www.institut-foton.eu\/wp-content\/uploads\/Personnels\/akagla_herman.jpg\" class=\"attachment-post-thumbnail size-post-thumbnail wp-post-image\" alt=\"AKAGLA Herman\" style=\"width:100%;height:100%;object-fit:cover;\" srcset=\"https:\/\/www.institut-foton.eu\/wp-content\/uploads\/Personnels\/akagla_herman.jpg 512w, https:\/\/www.institut-foton.eu\/wp-content\/uploads\/Personnels\/akagla_herman-300x300.jpg 300w, https:\/\/www.institut-foton.eu\/wp-content\/uploads\/Personnels\/akagla_herman-150x150.jpg 150w, https:\/\/www.institut-foton.eu\/wp-content\/uploads\/Personnels\/akagla_herman-270x270.jpg 270w, https:\/\/www.institut-foton.eu\/wp-content\/uploads\/Personnels\/akagla_herman-230x230.jpg 230w\" sizes=\"auto, (max-width: 512px) 100vw, 512px\" \/><\/a><\/figure>\n\n<h4 class=\"wp-block-post-title has-small-font-size\"><a href=\"https:\/\/www.institut-foton.eu\/en\/akagla-herman\/\" target=\"_self\" >AKAGLA Herman<\/a><\/h4>\n\n<div style=\"font-size:8px;\" class=\"minimargetop wp-block-post-excerpt\"><p class=\"wp-block-post-excerpt__excerpt\">PhD (10\/2021-11\/2024) <\/p><\/div>\n<\/li><\/ul><\/div>\n<\/div>\n<\/div>\n\n\n\n<div class=\"wp-block-column is-layout-flow wp-block-column-is-layout-flow\">\n<div class=\"wp-block-query is-layout-flow wp-block-query-is-layout-flow\">\n<div class=\"wp-block-query is-layout-flow wp-block-query-is-layout-flow\">\n<div class=\"wp-block-group is-layout-constrained wp-block-group-is-layout-constrained\">\n<div class=\"wp-block-query is-layout-flow wp-block-query-is-layout-flow\">\n<div class=\"wp-block-group is-layout-constrained wp-block-group-is-layout-constrained\"><ul class=\"columns-1 wp-block-post-template is-layout-grid wp-container-core-post-template-is-layout-19505109 wp-block-post-template-is-layout-grid\"><li class=\"wp-block-post post-5705 post type-post status-publish format-standard has-post-thumbnail hentry category-personnels category-doctorants-et-post-doctorants tag-departement-dop\">\n<figure style=\"aspect-ratio:1;\" class=\"alignwide wp-block-post-featured-image\"><a href=\"https:\/\/www.institut-foton.eu\/en\/le-mignon-quentin\/\" target=\"_self\"  ><img loading=\"lazy\" decoding=\"async\" width=\"800\" height=\"800\" src=\"https:\/\/www.institut-foton.eu\/wp-content\/uploads\/Personnels\/lemignon_quentin.jpg\" class=\"attachment-post-thumbnail size-post-thumbnail wp-post-image\" alt=\"LE MIGNON Quentin\" style=\"width:100%;height:100%;object-fit:cover;\" srcset=\"https:\/\/www.institut-foton.eu\/wp-content\/uploads\/Personnels\/lemignon_quentin.jpg 800w, https:\/\/www.institut-foton.eu\/wp-content\/uploads\/Personnels\/lemignon_quentin-300x300.jpg 300w, https:\/\/www.institut-foton.eu\/wp-content\/uploads\/Personnels\/lemignon_quentin-150x150.jpg 150w, https:\/\/www.institut-foton.eu\/wp-content\/uploads\/Personnels\/lemignon_quentin-768x768.jpg 768w, https:\/\/www.institut-foton.eu\/wp-content\/uploads\/Personnels\/lemignon_quentin-270x270.jpg 270w, https:\/\/www.institut-foton.eu\/wp-content\/uploads\/Personnels\/lemignon_quentin-230x230.jpg 230w\" sizes=\"auto, (max-width: 800px) 100vw, 800px\" \/><\/a><\/figure>\n\n<h4 class=\"wp-block-post-title has-small-font-size\"><a href=\"https:\/\/www.institut-foton.eu\/en\/le-mignon-quentin\/\" target=\"_self\" >LE MIGNON Quentin<\/a><\/h4>\n\n<div style=\"font-size:8px;\" class=\"minimargetop wp-block-post-excerpt\"><p class=\"wp-block-post-excerpt__excerpt\">PhD <\/p><\/div>\n<\/li><\/ul><\/div>\n<\/div>\n<\/div>\n<\/div>\n<\/div>\n<\/div>\n\n\n\n<div class=\"wp-block-column is-layout-flow wp-block-column-is-layout-flow\"><\/div>\n<\/div>\n\n\n\n<h2 class=\"wp-block-heading\">Pour en savoir plus<\/h2>\n\n\n\n<h3 class=\"wp-block-heading\">Publications<\/h3>\n\n\n\n<ul class=\"wp-block-list puce1\">\n<li>Herman Akagla, Nicolas Chapron, Goulc\u2019hen Loas, Marc Vallet, Marc Brunel. Control of the bipolarization emission of an Yb:YAG laser by the orientation of the pump polarization. <em>Optics Letters<\/em>, 2023, 48, 48 (3), pp.700. <a href=\"https:\/\/dx.doi.org\/10.1364\/OL.475453\" target=\"_blank\" rel=\"noreferrer noopener\">\u27e810.1364\/OL.475453\u27e9<\/a>. <a href=\"https:\/\/univ-rennes.hal.science\/hal-04196945\" target=\"_blank\" rel=\"noreferrer noopener\">\u27e8hal-04196945\u27e9<\/a><\/li>\n\n\n\n<li>Herman Akagla, Goulc&#8217;Hen Loas, Marc Vallet, Marc Brunel. Phase-Locked Dual Polarization Frequency Combs in Yb:YAG. <em>2023 Conference on Lasers and Electro-Optics Europe &amp; European Quantum Electronics Conference (CLEO\/Europe-EQEC)<\/em>, World of Photonics Congress 2023; 2023 Conference on Lasers and Electro-Optics Europe &amp; European Quantum Electronics Conference (CLEO\/Europe-EQEC), Jun 2023, Munich, Germany. pp.1-1, <a href=\"https:\/\/dx.doi.org\/10.1109\/CLEO\/Europe-EQEC57999.2023.10232832\" target=\"_blank\" rel=\"noreferrer noopener\">\u27e810.1109\/CLEO\/Europe-EQEC57999.2023.10232832\u27e9<\/a>. <a href=\"https:\/\/univ-rennes.hal.science\/hal-04197083\" target=\"_blank\" rel=\"noreferrer noopener\">\u27e8hal-04197083\u27e9<\/a><\/li>\n\n\n\n<li>Marie Guionie, Marco Romanelli, Aur\u00e9lien Thorette, Anthony Carr\u00e9, Emmanuel Pinsard, et al.. Delay-induced instability in phase-locked dual-polarization distributed-feedback fiber lasers. <em>Physical Review A<\/em>, 2020, 101 (4), pp.043843. <a href=\"https:\/\/dx.doi.org\/10.1103\/PhysRevA.101.043843\" target=\"_blank\" rel=\"noreferrer noopener\">\u27e810.1103\/PhysRevA.101.043843\u27e9<\/a>. <a href=\"https:\/\/hal.science\/hal-02565340\" target=\"_blank\" rel=\"noreferrer noopener\">\u27e8hal-02565340\u27e9<\/a><\/li>\n\n\n\n<li>Marie Guionie, Marc Brunel, Goulc&#8217;Hen Loas, Emmanuel Pinsard, Laurent Lablonde, et al.. Post-treatment of DBR fibre lasers for enhanced beat-frequency in dual-polarization operation. <em>9th EPS-QEOD Europhoton Conference (Europhoton 2022)<\/em>, Aug 2020, Prague (virtual), Czech Republic. <a href=\"https:\/\/hal.science\/hal-03049382\" target=\"_blank\" rel=\"noreferrer noopener\">\u27e8hal-03049382\u27e9<\/a><\/li>\n\n\n\n<li>Marie Guionie, Aur\u00e9lien Thorette, Marco Romanelli, Anthony Carr\u00e9, Goulc&#8217;Hen Loas, et al.. Microwave-optical fiber lasers stabilized by frequency-shifted feedback. <em>2019 IEEE International Topical Meeting on Microwave Photonics (MWP 2019)<\/em>, Oct 2019, Ottawa, Canada. IEEE, IEEE Xplore Digital Library, pp.1-4, 2019, 2019 International Topical Meeting on Microwave Photonics (MWP). <a href=\"https:\/\/dx.doi.org\/10.1109\/MWP.2019.8892036\" target=\"_blank\" rel=\"noreferrer noopener\">\u27e810.1109\/MWP.2019.8892036\u27e9<\/a>. <a href=\"https:\/\/hal.science\/hal-02470792\" target=\"_blank\" rel=\"noreferrer noopener\">\u27e8hal-02470792\u27e9<\/a><\/li>\n\n\n\n<li>M. Guionie, Ludovic Frein, Anthony Carr\u00e9, Goulc&#8217;Hen Loas, Fran\u00e7ois Bondu, et al.. Beat note stabilization in dual-polarization DFB fiber lasers by an optical phase-locked loop. <em>Optics Express<\/em>, 2018, 26 (3), pp.3483-3488. <a href=\"https:\/\/dx.doi.org\/10.1364\/OE.26.003483\" target=\"_blank\" rel=\"noreferrer noopener\">\u27e810.1364\/OE.26.003483\u27e9<\/a>. <a href=\"https:\/\/hal.science\/hal-01716235\" target=\"_blank\" rel=\"noreferrer noopener\">\u27e8hal-01716235\u27e9<\/a><\/li>\n\n\n\n<li>Mehdi Alouini, Julien Frougier, Alexandre Joly, Ghaya Baili, Daniel Dolfi, et al.. VSPIN: a new model relying on the vectorial description of the laser field for predicting the polarization dynamics of spin-injected V(e)CSELs. <em>Optics Express<\/em>, 2018, 26 (6), pp.6739-6757. <a href=\"https:\/\/dx.doi.org\/10.1364\/oe.26.006739\" target=\"_blank\" rel=\"noreferrer noopener\">\u27e810.1364\/oe.26.006739\u27e9<\/a>. <a href=\"https:\/\/hal.science\/hal-01996541\" target=\"_blank\" rel=\"noreferrer noopener\">\u27e8hal-01996541\u27e9<\/a><\/li>\n\n\n\n<li>Alexandre Joly, Ghaya Baili, Mehdi Alouini, Jean-Marie George, Isabelle Sagnes, et al.. Compensation of the residual linear anisotropy of phase in a vertical-external-cavity-surface-emitting laser for spin injection. <em>Optics Letters<\/em>, 2017, 42 (3), pp.651. <a href=\"https:\/\/dx.doi.org\/10.1364\/OL.42.000651\" target=\"_blank\" rel=\"noreferrer noopener\">\u27e810.1364\/OL.42.000651\u27e9<\/a>. <a href=\"https:\/\/univ-rennes.hal.science\/hal-01484631\" target=\"_blank\" rel=\"noreferrer noopener\">\u27e8hal-01484631\u27e9<\/a><\/li>\n\n\n\n<li>Julien Frougier, Ghaya Baili, Isabelle Sagnes, Daniel Dolfi, Jean-Marie George, et al.. Accurate measurement of the residual birefringence in VECSEL: Towards understanding of the polarization behavior under spin-polarized pumping. <em>Optics Express<\/em>, 2015, 23 (8), pp.9573-9588. <a href=\"https:\/\/dx.doi.org\/10.1364\/OE.23.009573\" target=\"_blank\" rel=\"noreferrer noopener\">\u27e810.1364\/OE.23.009573\u27e9<\/a>. <a href=\"https:\/\/hal.science\/hal-01142137\" target=\"_blank\" rel=\"noreferrer noopener\">\u27e8hal-01142137\u27e9<\/a><\/li>\n\n\n\n<li>J. Frougier, G. Baili, Mehdi Alouini, I. Sagnes, H. Jaffr\u00e8s, et al.. Control of light polarization using optically spin-injected vertical external cavity surface emitting lasers. <em>Applied Physics Letters<\/em>, 2013, 103 (25), pp.252402. <a href=\"https:\/\/dx.doi.org\/10.1063\/1.4850676\" target=\"_blank\" rel=\"noreferrer noopener\">\u27e810.1063\/1.4850676\u27e9<\/a>. <a href=\"https:\/\/hal.science\/hal-01142108\" target=\"_blank\" rel=\"noreferrer noopener\">\u27e8hal-01142108\u27e9<\/a><\/li>\n\n\n\n<li>J\u00e9r\u00e9mie Th\u00e9venin, Marc Vallet, Marc Brunel. Dual-polarization mode-locked Nd:YAG laser.. <em>Optics Letters<\/em>, 2012, 37 (14), pp.2859-61. <a href=\"https:\/\/dx.doi.org\/10.1364\/OL.37.002859\" target=\"_blank\" rel=\"noreferrer noopener\">\u27e810.1364\/OL.37.002859\u27e9<\/a>. <a href=\"https:\/\/hal.science\/hal-00908235\" target=\"_blank\" rel=\"noreferrer noopener\">\u27e8hal-00908235\u27e9<\/a><\/li>\n<\/ul>\n\n\n\n<h3 class=\"wp-block-heading\">Th\u00e8ses<\/h3>\n\n\n\n<ul class=\"wp-block-list puce1\">\n<li>Marie Guionie. Lasers \u00e0 fibres bifr\u00e9quences bipolarisations : stabilisation et mont\u00e9e en fr\u00e9quence du battement. Optique [physics.optics]. Universit\u00e9 Rennes 1, 2020. Fran\u00e7ais. <a href=\"https:\/\/www.theses.fr\/2020REN1S059\" target=\"_blank\" rel=\"noreferrer noopener\">\u27e8NNT : 2020REN1S059\u27e9<\/a>. <a href=\"https:\/\/theses.hal.science\/tel-03194697\" target=\"_blank\" rel=\"noreferrer noopener\">\u27e8tel-03194697\u27e9<\/a><\/li>\n\n\n\n<li>Alexandre Joly. Optimisation du transfert du spin \u00e9lectronique \u00e0 la polarisation d\u2019un laser \u00e0 semi-conducteur \u00e0 \u00e9mission par la surface. Imagerie m\u00e9dicale. Universit\u00e9 de Rennes, 2018. Fran\u00e7ais. <a href=\"https:\/\/www.theses.fr\/2018REN1S084\" target=\"_blank\" rel=\"noreferrer noopener\">\u27e8NNT : 2018REN1S084\u27e9<\/a>. <a href=\"https:\/\/theses.hal.science\/tel-02119276\" target=\"_blank\" rel=\"noreferrer noopener\">\u27e8tel-02119276\u27e9<\/a><\/li>\n\n\n\n<li>Julien Frougier. Toward Spin-LED and Spin-VECSEL operations at magnetic remanence. Other [cond-mat.other]. Universit\u00e9 Paris Sud &#8211; Paris XI, 2014. English. <a href=\"https:\/\/www.theses.fr\/2014PA112175\" target=\"_blank\" rel=\"noreferrer noopener\">\u27e8NNT : 2014PA112175\u27e9<\/a>. <a href=\"https:\/\/theses.hal.science\/tel-01127040\" target=\"_blank\" rel=\"noreferrer noopener\">\u27e8tel-01127040\u27e9<\/a><\/li>\n\n\n\n<li>J\u00e9r\u00e9mie Th\u00e9venin. Accrochages de fr\u00e9quences dans les lasers vectoriels \u00e0 \u00e9tat solide : \u00e9tude du verrouillage de modes passif et de la r\u00e9injection d\u00e9cal\u00e9e en fr\u00e9quence. Optique \/ photonique. Universit\u00e9 Rennes 1, 2012. Fran\u00e7ais. <a href=\"https:\/\/www.theses.fr\/\" target=\"_blank\" rel=\"noreferrer noopener\">\u27e8NNT : \u27e9<\/a>. <a href=\"https:\/\/theses.hal.science\/tel-00769111\" target=\"_blank\" rel=\"noreferrer noopener\">\u27e8tel-00769111\u27e9<\/a><\/li>\n<\/ul>\n","protected":false},"excerpt":{"rendered":"<p>Pr\u00e9sentation Cette th\u00e9matique de recherche vise \u00e0 comprendre diff\u00e9rents aspects de la dynamique des lasers, avec une attention particuli\u00e8re port\u00e9e aux lasers bi-polarisation. Nous nous int\u00e9ressons aux comportements vectoriels des modes intracavit\u00e9, que ce soit dans les lasers \u00e0 semi-conducteurs,<\/p>\n","protected":false},"author":3,"featured_media":7239,"comment_status":"closed","ping_status":"closed","sticky":false,"template":"","format":"standard","meta":{"inline_featured_image":false,"footnotes":""},"categories":[61],"tags":[30,108,46,31,94],"class_list":["post-7237","post","type-post","status-publish","format-standard","has-post-thumbnail","hentry","category-activites","tag-axe1","tag-departement-dop","tag-dynamique-lasers","tag-axe2","tag-sources-opto-hyper"],"translation":{"provider":"WPGlobus","version":"3.0.2","language":"en","enabled_languages":["fr","en"],"languages":{"fr":{"title":true,"content":true,"excerpt":false},"en":{"title":false,"content":false,"excerpt":false}}},"_links":{"self":[{"href":"https:\/\/www.institut-foton.eu\/en\/wp-json\/wp\/v2\/posts\/7237","targetHints":{"allow":["GET"]}}],"collection":[{"href":"https:\/\/www.institut-foton.eu\/en\/wp-json\/wp\/v2\/posts"}],"about":[{"href":"https:\/\/www.institut-foton.eu\/en\/wp-json\/wp\/v2\/types\/post"}],"author":[{"embeddable":true,"href":"https:\/\/www.institut-foton.eu\/en\/wp-json\/wp\/v2\/users\/3"}],"replies":[{"embeddable":true,"href":"https:\/\/www.institut-foton.eu\/en\/wp-json\/wp\/v2\/comments?post=7237"}],"version-history":[{"count":23,"href":"https:\/\/www.institut-foton.eu\/en\/wp-json\/wp\/v2\/posts\/7237\/revisions"}],"predecessor-version":[{"id":11211,"href":"https:\/\/www.institut-foton.eu\/en\/wp-json\/wp\/v2\/posts\/7237\/revisions\/11211"}],"wp:featuredmedia":[{"embeddable":true,"href":"https:\/\/www.institut-foton.eu\/en\/wp-json\/wp\/v2\/media\/7239"}],"wp:attachment":[{"href":"https:\/\/www.institut-foton.eu\/en\/wp-json\/wp\/v2\/media?parent=7237"}],"wp:term":[{"taxonomy":"category","embeddable":true,"href":"https:\/\/www.institut-foton.eu\/en\/wp-json\/wp\/v2\/categories?post=7237"},{"taxonomy":"post_tag","embeddable":true,"href":"https:\/\/www.institut-foton.eu\/en\/wp-json\/wp\/v2\/tags?post=7237"}],"curies":[{"name":"wp","href":"https:\/\/api.w.org\/{rel}","templated":true}]}}