{"id":7276,"date":"2024-02-02T14:11:38","date_gmt":"2024-02-02T13:11:38","guid":{"rendered":"https:\/\/www.institut-foton.eu\/?p=7276"},"modified":"2025-07-16T16:43:11","modified_gmt":"2025-07-16T14:43:11","slug":"sources-lasers-a-faible-bruit-dintensite","status":"publish","type":"post","link":"https:\/\/www.institut-foton.eu\/en\/sources-lasers-a-faible-bruit-dintensite\/","title":{"rendered":"Sources lasers \u00e0 faible bruit d\u2019intensit\u00e9"},"content":{"rendered":"\n<p class=\"back has-background\" style=\"background-color:#90c91e21\">\u2b9e <a href=\"https:\/\/www.institut-foton.eu\/dpts\/dop\/\" data-type=\"page\" data-id=\"56\">D\u00e9partement DOP<\/a> \u2b9e <a href=\"https:\/\/www.institut-foton.eu\/dpts\/dop\/#Thematiques_de_recherche\" data-type=\"page\" data-id=\"56\">Th\u00e9matiques de recherche<\/a> \u2b9e <a href=\"https:\/\/www.institut-foton.eu\/dynamique-des-lasers\/\" data-type=\"post\" data-id=\"602\">Activit\u00e9 \u00ab\u202fDynamique des lasers\u202f\u00bb<\/a> \u2b9e<\/p>\n\n\n\n\n\n\n<figure style=\"width:60%;\" class=\"aligncenter wp-block-post-featured-image\"><img loading=\"lazy\" decoding=\"async\" width=\"2560\" height=\"1920\" src=\"https:\/\/www.institut-foton.eu\/wp-content\/uploads\/2024\/02\/P1113624-scaled.jpg\" class=\"attachment-post-thumbnail size-post-thumbnail wp-post-image\" alt=\"\" style=\"object-fit:cover;\" srcset=\"https:\/\/www.institut-foton.eu\/wp-content\/uploads\/2024\/02\/P1113624-scaled.jpg 2560w, https:\/\/www.institut-foton.eu\/wp-content\/uploads\/2024\/02\/P1113624-300x225.jpg 300w, https:\/\/www.institut-foton.eu\/wp-content\/uploads\/2024\/02\/P1113624-1024x768.jpg 1024w, https:\/\/www.institut-foton.eu\/wp-content\/uploads\/2024\/02\/P1113624-768x576.jpg 768w, https:\/\/www.institut-foton.eu\/wp-content\/uploads\/2024\/02\/P1113624-1536x1152.jpg 1536w, https:\/\/www.institut-foton.eu\/wp-content\/uploads\/2024\/02\/P1113624-2048x1536.jpg 2048w\" sizes=\"auto, (max-width: 2560px) 100vw, 2560px\" \/><\/figure>\n\n\n<h2 class=\"wp-block-heading\">Pr\u00e9sentation<\/h2>\n\n\n\n<p>L\u2019enjeu de cette activit\u00e9 de recherche est de proposer des architectures de cavit\u00e9s laser \u00e0 \u00e9tat solide ou \u00e0 fibre, ou encore \u00e0 semiconducteurs (type VCSEL) pr\u00e9sentant un niveau de bruit d\u2019intensit\u00e9 intrins\u00e8quement bas. Les applications de ce type de laser, dont le bruit d\u2019intensit\u00e9 est r\u00e9gul\u00e9 naturellement par le passage en r\u00e9gime de classe A ou par un effet non lin\u00e9aire, sont la transmission de signaux analogiques par voie optique (par exemple pour les lidar-radar et la photonique microonde en g\u00e9n\u00e9ral), ou encore la m\u00e9trologie et les horloges atomiques.<\/p>\n\n\n\n<h3 class=\"wp-block-heading\">R\u00e9alisation de lasers de classe A dans les semi-conducteurs<\/h3>\n\n\n\n<p>Sur des architectures VECSEL (lasers \u00e0 \u00e9mission de surface demi-VCSEL \u00e0 cavit\u00e9 \u00e9tendue), il est possible de r\u00e9aliser des lasers dits de classe A, ne pr\u00e9sentant pas d\u2019exc\u00e8s de bruit d\u2019intensit\u00e9 aux fr\u00e9quences propres des oscillations de relaxation. Ces architectures permettent aussi d\u2019obtenir un r\u00e9gime d&#8217;oscillation bifr\u00e9quence stable et accordable, sur une porteuse optique faible bruit. Les dynamiques originales de ce type de lasers ont par ailleurs permis d\u2019observer des ph\u00e9nom\u00e8nes de lumi\u00e8re lente ou encore d\u2019accrochage de phase entre mode laser et modes d\u2019\u00e9mission spontan\u00e9e amplifi\u00e9e. Ces \u00e9tudes ont permis de d\u00e9montrer un laser dont le bruit d\u2019intensit\u00e9 de \u2013170 dB\/Hz est obtenu sur tout le spectre de fr\u00e9quence.<\/p>\n\n\n\n<figure class=\"wp-block-image aligncenter size-full is-resized\"><img loading=\"lazy\" decoding=\"async\" width=\"500\" height=\"477\" src=\"https:\/\/www.institut-foton.eu\/wp-content\/uploads\/2024\/02\/image-12.png\" alt=\"\" class=\"wp-image-7279\" style=\"width:342px;height:auto\" srcset=\"https:\/\/www.institut-foton.eu\/wp-content\/uploads\/2024\/02\/image-12.png 500w, https:\/\/www.institut-foton.eu\/wp-content\/uploads\/2024\/02\/image-12-300x286.png 300w\" sizes=\"auto, (max-width: 500px) 100vw, 500px\" \/><\/figure>\n\n\n\n<h3 class=\"wp-block-heading\">Laser \u00e0 \u00e9tat-solide autor\u00e9gul\u00e9 en bruit d\u2019intensit\u00e9<\/h3>\n\n\n\n<p>Ces \u00e9tudes visent \u00e0 imprimer des modifications profondes de la dynamique d\u2019oscillation de lasers \u00e0 \u00e9tat solide de mani\u00e8re \u00e0 r\u00e9duire naturellement leur bruit. Ceci est obtenu au travers d\u2019un m\u00e9canisme de<strong> buffer reservoir<\/strong>, li\u00e9 \u00e0 une absorption non lin\u00e9aire (absorption \u00e0 deux photons, doublage de fr\u00e9quence inefficace) \u00e0 l\u2019int\u00e9rieur de la cavit\u00e9 laser. Il a ainsi \u00e9t\u00e9 d\u00e9montr\u00e9 qu\u2019un laser \u00e0 \u00e9tat solide peut \u00eatre autor\u00e9gul\u00e9 en bruit d\u2019intensit\u00e9 sur des plages fr\u00e9quentielles extr\u00eamement \u00e9lev\u00e9es, ce dernier ne pr\u00e9sentant plus d\u2019exc\u00e8s de bruit \u00e0 la fr\u00e9quence des oscillations de relaxation mais aussi aux fr\u00e9quences de battement entre le mode oscillant et les modes adjacents d\u2019\u00e9mission spontan\u00e9e amplifi\u00e9e. Ceci n\u2019avait encore jamais \u00e9t\u00e9 obtenu dans aucun type de laser.<\/p>\n\n\n\n<figure class=\"wp-block-image aligncenter size-full is-resized\"><img loading=\"lazy\" decoding=\"async\" width=\"500\" height=\"321\" src=\"https:\/\/www.institut-foton.eu\/wp-content\/uploads\/2024\/02\/image-13.png\" alt=\"\" class=\"wp-image-7280\" style=\"width:416px;height:auto\" srcset=\"https:\/\/www.institut-foton.eu\/wp-content\/uploads\/2024\/02\/image-13.png 500w, https:\/\/www.institut-foton.eu\/wp-content\/uploads\/2024\/02\/image-13-300x193.png 300w\" sizes=\"auto, (max-width: 500px) 100vw, 500px\" \/><\/figure>\n\n\n\n<figure class=\"wp-block-image aligncenter size-full is-resized\"><img loading=\"lazy\" decoding=\"async\" width=\"500\" height=\"364\" src=\"https:\/\/www.institut-foton.eu\/wp-content\/uploads\/2024\/02\/image-14.png\" alt=\"\" class=\"wp-image-7281\" style=\"width:392px;height:auto\" srcset=\"https:\/\/www.institut-foton.eu\/wp-content\/uploads\/2024\/02\/image-14.png 500w, https:\/\/www.institut-foton.eu\/wp-content\/uploads\/2024\/02\/image-14-300x218.png 300w\" sizes=\"auto, (max-width: 500px) 100vw, 500px\" \/><\/figure>\n\n\n\n<h3 class=\"wp-block-heading\">Lasers bi-fr\u00e9quences sans bruit d\u2019antiphase<\/h3>\n\n\n\n<p>Dans les lasers bi-fr\u00e9quence, le bruit d\u2019antiphase apporte un exc\u00e8s de bruit d\u2019intensit\u00e9 \u00e0 une fr\u00e9quence plus basse que la fr\u00e9quence d\u2019oscillation de relaxation inh\u00e9rente aux lasers de classe B, traduisant l\u2019\u00e9change d\u2019\u00e9nergie entre les deux modes de polarisation qui oscillent dans la cavit\u00e9. Dans le Nd:YAG, nous avions d\u00e9montr\u00e9 que ces bruits de partition pouvaient \u00eatre supprim\u00e9s en utilisant une coupe cristallographique bien particuli\u00e8re du milieu \u00e0 gain, coupe permettant de d\u00e9coupler les populations du milieu \u00e0 gain li\u00e9es \u00e0 chaque mode de polarisation. Dans les lasers Er:Yb:verre \u00e9mettant \u00e0 1,5 \u00b5m, la r\u00e9duction drastique du bruit d\u2019antiphase est obtenue en combinant l\u2019effet de <em>buffer reservoir<\/em> \u00e0 une l\u00e9g\u00e8re s\u00e9paration spatiale des \u00e9tats de polarisation dans le milieu actif et dans l\u2019\u00e9l\u00e9ment non lin\u00e9aire. Nous avons \u00e9galement d\u00e9velopp\u00e9 un mod\u00e8le th\u00e9orique du type <em>rate equations<\/em> en tenant compte de l\u2019effet d\u2019absorption non lin\u00e9aire. Ce mod\u00e8le permet de reproduire toutes les observations faites avec les lasers bifr\u00e9quences dans diff\u00e9rentes architectures de cavit\u00e9.<\/p>\n\n\n\n<figure class=\"wp-block-image aligncenter size-full is-resized\"><img loading=\"lazy\" decoding=\"async\" width=\"500\" height=\"367\" src=\"https:\/\/www.institut-foton.eu\/wp-content\/uploads\/2024\/02\/image-15.png\" alt=\"\" class=\"wp-image-7282\" style=\"width:452px;height:auto\" srcset=\"https:\/\/www.institut-foton.eu\/wp-content\/uploads\/2024\/02\/image-15.png 500w, https:\/\/www.institut-foton.eu\/wp-content\/uploads\/2024\/02\/image-15-300x220.png 300w\" sizes=\"auto, (max-width: 500px) 100vw, 500px\" \/><\/figure>\n\n\n\n<h2 class=\"wp-block-heading\">Financements<\/h2>\n\n\n\n<ul class=\"wp-block-list puce1\">\n<li>EXAIL<\/li>\n\n\n\n<li>ANR<\/li>\n\n\n\n<li>DGA<\/li>\n\n\n\n<li>Thales R&amp;T<\/li>\n\n\n\n<li>Collaborations EPFL<\/li>\n\n\n\n<li>LUMIN (ex-LAC)<\/li>\n\n\n\n<li>C2N (ex-LPN)<\/li>\n<\/ul>\n\n\n\n<h2 class=\"wp-block-heading\">Personnels impliqu\u00e9s<\/h2>\n\n\n\n<h3 class=\"wp-block-heading\">Ing\u00e9nieurs de recherche, chercheurs et Enseignants-Chercheurs<\/h3>\n\n\n\n<div class=\"wp-block-columns is-layout-flex wp-container-core-columns-is-layout-28f84493 wp-block-columns-is-layout-flex\">\n<div class=\"wp-block-column is-layout-flow wp-block-column-is-layout-flow\">\n<div class=\"wp-block-query is-layout-flow wp-block-query-is-layout-flow\">\n<div class=\"wp-block-group is-layout-constrained wp-block-group-is-layout-constrained\"><ul class=\"columns-1 wp-block-post-template is-layout-grid wp-container-core-post-template-is-layout-19505109 wp-block-post-template-is-layout-grid\"><li class=\"wp-block-post post-3565 post type-post status-publish format-standard has-post-thumbnail hentry category-personnels category-chercheurs-et-enseignants-chercheurs tag-departement-dop\">\n<figure style=\"aspect-ratio:1;\" class=\"alignwide wp-block-post-featured-image\"><a href=\"https:\/\/www.institut-foton.eu\/en\/alouini-mehdi\/\" target=\"_self\"  ><img loading=\"lazy\" decoding=\"async\" width=\"480\" height=\"320\" src=\"https:\/\/www.institut-foton.eu\/wp-content\/uploads\/Personnels\/alouini_mehdi.jpg\" class=\"attachment-post-thumbnail size-post-thumbnail wp-post-image\" alt=\"ALOUINI Mehdi\" style=\"width:100%;height:100%;object-fit:cover;\" srcset=\"https:\/\/www.institut-foton.eu\/wp-content\/uploads\/Personnels\/alouini_mehdi.jpg 480w, https:\/\/www.institut-foton.eu\/wp-content\/uploads\/Personnels\/alouini_mehdi-300x200.jpg 300w\" sizes=\"auto, (max-width: 480px) 100vw, 480px\" \/><\/a><\/figure>\n\n<h4 class=\"wp-block-post-title has-small-font-size\"><a href=\"https:\/\/www.institut-foton.eu\/en\/alouini-mehdi\/\" target=\"_self\" >ALOUINI Mehdi<\/a><\/h4>\n\n<div style=\"font-size:8px;\" class=\"minimargetop wp-block-post-excerpt\"><p class=\"wp-block-post-excerpt__excerpt\">(+33)2&nbsp;23&nbsp;23&nbsp;66&nbsp;58 Professor Directeur d\u2019Unit\u00e9 <\/p><\/div>\n<\/li><\/ul><\/div>\n<\/div>\n<\/div>\n\n\n\n<div class=\"wp-block-column is-layout-flow wp-block-column-is-layout-flow\">\n<div class=\"wp-block-query is-layout-flow wp-block-query-is-layout-flow\"><ul class=\"columns-1 wp-block-post-template is-layout-grid wp-container-core-post-template-is-layout-19505109 wp-block-post-template-is-layout-grid\"><li class=\"wp-block-post post-3633 post type-post status-publish format-standard has-post-thumbnail hentry category-personnels category-personnels-techniques-et-administratifs tag-departement-dop\">\n<figure style=\"aspect-ratio:1;\" class=\"alignwide wp-block-post-featured-image\"><a href=\"https:\/\/www.institut-foton.eu\/en\/loas-goulchen\/\" target=\"_self\"  ><img loading=\"lazy\" decoding=\"async\" width=\"916\" height=\"916\" src=\"https:\/\/www.institut-foton.eu\/wp-content\/uploads\/Personnels\/loas_goulchen.jpg\" class=\"attachment-post-thumbnail size-post-thumbnail wp-post-image\" alt=\"LOAS Goulc\u2019hen\" style=\"width:100%;height:100%;object-fit:cover;\" srcset=\"https:\/\/www.institut-foton.eu\/wp-content\/uploads\/Personnels\/loas_goulchen.jpg 916w, https:\/\/www.institut-foton.eu\/wp-content\/uploads\/Personnels\/loas_goulchen-300x300.jpg 300w, https:\/\/www.institut-foton.eu\/wp-content\/uploads\/Personnels\/loas_goulchen-150x150.jpg 150w, https:\/\/www.institut-foton.eu\/wp-content\/uploads\/Personnels\/loas_goulchen-768x768.jpg 768w, https:\/\/www.institut-foton.eu\/wp-content\/uploads\/Personnels\/loas_goulchen-270x270.jpg 270w, https:\/\/www.institut-foton.eu\/wp-content\/uploads\/Personnels\/loas_goulchen-230x230.jpg 230w\" sizes=\"auto, (max-width: 916px) 100vw, 916px\" \/><\/a><\/figure>\n\n<h4 class=\"wp-block-post-title has-small-font-size\"><a href=\"https:\/\/www.institut-foton.eu\/en\/loas-goulchen\/\" target=\"_self\" >LOAS Goulc\u2019hen<\/a><\/h4>\n\n<div style=\"font-size:8px;\" class=\"minimargetop wp-block-post-excerpt\"><p class=\"wp-block-post-excerpt__excerpt\">(+33)2&nbsp;23&nbsp;23&nbsp;68&nbsp;81 Research Engineer <\/p><\/div>\n<\/li><\/ul><\/div>\n<\/div>\n\n\n\n<div class=\"wp-block-column is-layout-flow wp-block-column-is-layout-flow\"><\/div>\n<\/div>\n\n\n\n<h3 class=\"wp-block-heading\">Doctorants et Post-doctorants<\/h3>\n\n\n\n<div class=\"wp-block-columns is-layout-flex wp-container-core-columns-is-layout-28f84493 wp-block-columns-is-layout-flex\">\n<div class=\"wp-block-column is-layout-flow wp-block-column-is-layout-flow\">\n<div class=\"wp-block-query is-layout-flow wp-block-query-is-layout-flow\">\n<div class=\"wp-block-group is-layout-constrained wp-block-group-is-layout-constrained\"><ul class=\"columns-1 wp-block-post-template is-layout-grid wp-container-core-post-template-is-layout-19505109 wp-block-post-template-is-layout-grid\"><li class=\"wp-block-post post-3621 post type-post status-publish format-standard has-post-thumbnail hentry category-alumni category-anciens tag-departement-dop\">\n<figure style=\"aspect-ratio:1;\" class=\"alignwide wp-block-post-featured-image\"><a href=\"https:\/\/www.institut-foton.eu\/en\/lauriau-victor\/\" target=\"_self\"  ><img loading=\"lazy\" decoding=\"async\" width=\"764\" height=\"834\" src=\"https:\/\/www.institut-foton.eu\/wp-content\/uploads\/Personnels\/lauriau_victor.jpg\" class=\"attachment-post-thumbnail size-post-thumbnail wp-post-image\" alt=\"LAURIAU Victor\" style=\"width:100%;height:100%;object-fit:cover;\" srcset=\"https:\/\/www.institut-foton.eu\/wp-content\/uploads\/Personnels\/lauriau_victor.jpg 764w, https:\/\/www.institut-foton.eu\/wp-content\/uploads\/Personnels\/lauriau_victor-275x300.jpg 275w\" sizes=\"auto, (max-width: 764px) 100vw, 764px\" \/><\/a><\/figure>\n\n<h4 class=\"wp-block-post-title has-small-font-size\"><a href=\"https:\/\/www.institut-foton.eu\/en\/lauriau-victor\/\" target=\"_self\" >LAURIAU Victor<\/a><\/h4>\n\n<div style=\"font-size:8px;\" class=\"minimargetop wp-block-post-excerpt\"><p class=\"wp-block-post-excerpt__excerpt\">PhD (11\/2021-01\/2024) <\/p><\/div>\n<\/li><\/ul><\/div>\n<\/div>\n<\/div>\n\n\n\n<div class=\"wp-block-column is-layout-flow wp-block-column-is-layout-flow\"><\/div>\n\n\n\n<div class=\"wp-block-column is-layout-flow wp-block-column-is-layout-flow\"><\/div>\n<\/div>\n\n\n\n<h2 class=\"wp-block-heading\">Pour en savoir plus<\/h2>\n\n\n\n<h3 class=\"wp-block-heading\">Publications<\/h3>\n\n\n\n<ul class=\"wp-block-list puce1\">\n<li>Anwar Kerchaoui, Alexandru Mereuta, Andrei Caliman, Cyril Paranthoen, Christophe Levallois, et al.. Electrically pumped shot-noise limited class A VECSEL at telecom wavelength. <em>Optics Letters<\/em>, 2021, 46 (10), pp.2465-2468. <a href=\"https:\/\/dx.doi.org\/10.1364\/OL.412746\" target=\"_blank\" rel=\"noreferrer noopener\">\u27e810.1364\/OL.412746\u27e9<\/a>. <a href=\"https:\/\/hal.science\/hal-03362767\" target=\"_blank\" rel=\"noreferrer noopener\">\u27e8hal-03362767\u27e9<\/a><\/li>\n\n\n\n<li>Kevin Audo, Abdelkrim El Amili, Mehdi Alouini. Analytical modeling of dual-frequency solid-state lasers including a buffer reservoir for noise cancellation. <em>Optics Express<\/em>, 2018, 26 (7), pp.8805-8820. <a href=\"https:\/\/dx.doi.org\/10.1364\/OE.26.008805\" target=\"_blank\" rel=\"noreferrer noopener\">\u27e810.1364\/OE.26.008805\u27e9<\/a>. <a href=\"https:\/\/hal.science\/hal-01786645\" target=\"_blank\" rel=\"noreferrer noopener\">\u27e8hal-01786645\u27e9<\/a><\/li>\n\n\n\n<li>Kevin Audo, Mehdi Alouini. Intensity noise cancellation in solid-state laser at 1.5 \u03bcm using SHG depletion as a buffer reservoir. <em>Applied optics<\/em>, 2018, 57 (7), pp.1524-1529. <a href=\"https:\/\/dx.doi.org\/10.1364\/AO.57.001524\" target=\"_blank\" rel=\"noreferrer noopener\">\u27e810.1364\/AO.57.001524\u27e9<\/a>. <a href=\"https:\/\/hal.science\/hal-01786640\" target=\"_blank\" rel=\"noreferrer noopener\">\u27e8hal-01786640\u27e9<\/a><\/li>\n\n\n\n<li>Kevin Audo, Abdelkrim El Amili, G. Ba\u00efli, D. Dolfi, Mehdi Alouini. Reduction of residual excess noise in class-A lasers using two-photon absorption. <em>Optics Letters<\/em>, 2016, 41, pp.4237&#8211;4240. <a href=\"https:\/\/dx.doi.org\/10.1364\/OL.41.004237\" target=\"_blank\" rel=\"noreferrer noopener\">\u27e810.1364\/OL.41.004237\u27e9<\/a>. <a href=\"https:\/\/univ-rennes.hal.science\/hal-01380705\" target=\"_blank\" rel=\"noreferrer noopener\">\u27e8hal-01380705\u27e9<\/a><\/li>\n\n\n\n<li>Abdelkrim El Amili, Kevin Audo, Mehdi Alouini. In-phase and antiphase self-intensity regulated dual-frequency laser using two-photon absorption. <em>Optics Letters<\/em>, 2016, 41 (10), pp.2326&#8211;2329. <a href=\"https:\/\/dx.doi.org\/10.1364\/OL.41.002326\" target=\"_blank\" rel=\"noreferrer noopener\">\u27e810.1364\/OL.41.002326\u27e9<\/a>. <a href=\"https:\/\/univ-rennes.hal.science\/hal-01343404\" target=\"_blank\" rel=\"noreferrer noopener\">\u27e8hal-01343404\u27e9<\/a><\/li>\n\n\n\n<li>Abdelkrim El Amili, Mehdi Alouini. Noise reduction in solid-state lasers using a SHG-based buffer reservoir. <em>Optics Letters<\/em>, 2015, 40 (7), pp.1149. <a href=\"https:\/\/dx.doi.org\/10.1364\/OL.40.001149\" target=\"_blank\" rel=\"noreferrer noopener\">\u27e810.1364\/OL.40.001149\u27e9<\/a>. <a href=\"https:\/\/hal.science\/hal-01142133\" target=\"_blank\" rel=\"noreferrer noopener\">\u27e8hal-01142133\u27e9<\/a><\/li>\n\n\n\n<li>Abdelkrim El Amili, Goulc&#8217;Hen Loas, Lucien Pouget, Mehdi Alouini. Buffer reservoir approach for cancellation of laser resonant noises. <em>Optics Letters<\/em>, 2014, 39 (17), pp.5014. <a href=\"https:\/\/dx.doi.org\/10.1364\/OL.39.005014\" target=\"_blank\" rel=\"noreferrer noopener\">\u27e810.1364\/OL.39.005014\u27e9<\/a>. <a href=\"https:\/\/hal.science\/hal-01142129\" target=\"_blank\" rel=\"noreferrer noopener\">\u27e8hal-01142129\u27e9<\/a><\/li>\n\n\n\n<li>Abdelkrim El Amili, Ga\u00ebl Kervella, Mehdi Alouini. Experimental evidence and theoretical modeling of two-photon absorption dynamics in the reduction of intensity noise of solid-state Er:Yb lasers. <em>Optics Express<\/em>, 2013, 21 (7), pp.8773-8780. <a href=\"https:\/\/dx.doi.org\/10.1364\/OE.21.008773\" target=\"_blank\" rel=\"noreferrer noopener\">\u27e810.1364\/OE.21.008773\u27e9<\/a>. <a href=\"https:\/\/hal.science\/hal-00790606\" target=\"_blank\" rel=\"noreferrer noopener\">\u27e8hal-00790606\u27e9<\/a><\/li>\n\n\n\n<li>Ghaya Baili, L Morvan, Gr\u00e9goire Pillet, Daniel Dolfi, Sophie Bouchoule, et al.. High power and ultra-low noise VECSEL for high dynamic range and wideband microwave optical links. <em>International Topical Meeting on Microwave Photonics (MWP)<\/em>, Oct 2013, Alexandria, United States. pp.278-281, <a href=\"https:\/\/dx.doi.org\/10.1109\/MWP.2013.6724075\" target=\"_blank\" rel=\"noreferrer noopener\">\u27e810.1109\/MWP.2013.6724075\u27e9<\/a>. <a href=\"https:\/\/univ-rennes.hal.science\/hal-01142545\" target=\"_blank\" rel=\"noreferrer noopener\">\u27e8hal-01142545\u27e9<\/a><\/li>\n\n\n\n<li>Abdelkrim El Amili, Goulc&#8217;Hen Loas, Syamsundar De, Sylvain Schwartz, Gilles Feugnet, et al.. Experimental demonstration of a dual-frequency laser free from anti-phase noise. <em>Optics Letters<\/em>, 2012, 37 (23), pp.4901-4903. <a href=\"https:\/\/dx.doi.org\/10.1364\/OL.37.004901\" target=\"_blank\" rel=\"noreferrer noopener\">\u27e810.1364\/OL.37.004901\u27e9<\/a>. <a href=\"https:\/\/hal.science\/hal-00723655\" target=\"_blank\" rel=\"noreferrer noopener\">\u27e8hal-00723655\u27e9<\/a><\/li>\n\n\n\n<li>A. El Amili, V. Pal, F. Goldfarb, R. Ghosh, M. Alouini, et al.. Observation of noise phase locking in a single-frequency VECSEL. <em>Optics Express<\/em>, 2011, 19 (18), pp.17250-17259. <a href=\"https:\/\/dx.doi.org\/10.1364\/OE.19.017250\" target=\"_blank\" rel=\"noreferrer noopener\">\u27e810.1364\/OE.19.017250\u27e9<\/a>. <a href=\"https:\/\/hal.science\/hal-01068762\" target=\"_blank\" rel=\"noreferrer noopener\">\u27e8hal-01068762\u27e9<\/a><\/li>\n\n\n\n<li>Abdelkrim El Amili, B.-X. Miranda, Fabienne Goldfarb, Ghaya Baili, Gilles Beaudoin, et al.. Observation of Slow Light in the Noise Spectrum of a Vertical External Cavity Surface-Emitting Laser. <em>Physical Review Letters<\/em>, 2010, 105, pp.223902. <a href=\"https:\/\/dx.doi.org\/10.1103\/PHYSREVLETT.105.223902\" target=\"_blank\" rel=\"noreferrer noopener\">\u27e810.1103\/PHYSREVLETT.105.223902\u27e9<\/a>. <a href=\"https:\/\/hal.science\/hal-00658842\" target=\"_blank\" rel=\"noreferrer noopener\">\u27e8hal-00658842\u27e9<\/a><\/li>\n\n\n\n<li>Ghaya Baili, Lo\u00efc Morvan, Mehdi Alouini, Daniel Dolfi, Fabien Bretenaker, et al.. Experimental demonstration of a tunable dual-frequency semiconductor laser free of relaxation oscillations. <em>Optics Letters<\/em>, 2009, 34 (21), pp.3421. <a href=\"https:\/\/dx.doi.org\/10.1364\/OL.34.003421\" target=\"_blank\" rel=\"noreferrer noopener\">\u27e810.1364\/OL.34.003421\u27e9<\/a>. <a href=\"https:\/\/hal.science\/hal-00664805\" target=\"_blank\" rel=\"noreferrer noopener\">\u27e8hal-00664805\u27e9<\/a><\/li>\n\n\n\n<li>Ghaya Baili, Mehdi Alouini, Thierry Malherbe, Daniel Dolfi, Isabelle Sagnes, et al.. Direct observation of the class-B to class-A transition in the dynamical behavior of a semiconductor laser. <em>EPL &#8211; Europhysics Letters<\/em>, 2009, 87 (4), pp.44005. <a href=\"https:\/\/dx.doi.org\/10.1209\/0295-5075\/87\/44005\" target=\"_blank\" rel=\"noreferrer noopener\">\u27e810.1209\/0295-5075\/87\/44005\u27e9<\/a>. <a href=\"https:\/\/hal.science\/hal-00665029\" target=\"_blank\" rel=\"noreferrer noopener\">\u27e8hal-00665029\u27e9<\/a><\/li>\n<\/ul>\n\n\n\n<h3 class=\"wp-block-heading\">Th\u00e8ses<\/h3>\n\n\n\n<ul class=\"wp-block-list puce1\">\n<li>Kevin Audo. \u00c9tude th\u00e9orique et exp\u00e9rimentale des lasers solides bi-fr\u00e9quences auto-r\u00e9gul\u00e9s en bruit d&#8217;intensit\u00e9 via des non-lin\u00e9arit\u00e9s intracavit\u00e9. Optique [physics.optics]. Universit\u00e9 de Rennes, 2018. Fran\u00e7ais. <a href=\"https:\/\/www.theses.fr\/2018REN1S002\" target=\"_blank\" rel=\"noreferrer noopener\">\u27e8NNT : 2018REN1S002\u27e9<\/a>. <a href=\"https:\/\/theses.hal.science\/tel-01720039\" target=\"_blank\" rel=\"noreferrer noopener\">\u27e8tel-01720039\u27e9<\/a><\/li>\n\n\n\n<li>Anwar Kerchaoui. R\u00e9alisation d&#8217;un VECSEL pomp\u00e9 \u00e9lectriquement faible bruit et \u00e9tude des bo\u00eetes quantiques pour la r\u00e9alisation d&#8217;un VECSEL bi-fr\u00e9quence. Optique [physics.optics]. Universit\u00e9 de Rennes, 2022. Fran\u00e7ais. <a href=\"https:\/\/www.theses.fr\/2022REN1S016\" target=\"_blank\" rel=\"noreferrer noopener\">\u27e8NNT : 2022REN1S016\u27e9<\/a>. <a href=\"https:\/\/theses.hal.science\/tel-03813851\" target=\"_blank\" rel=\"noreferrer noopener\">\u27e8tel-03813851\u27e9<\/a><\/li>\n<\/ul>\n","protected":false},"excerpt":{"rendered":"<p>Pr\u00e9sentation L\u2019enjeu de cette activit\u00e9 de recherche est de proposer des architectures de cavit\u00e9s laser \u00e0 \u00e9tat solide ou \u00e0 fibre, ou encore \u00e0 semiconducteurs (type VCSEL) pr\u00e9sentant un niveau de bruit d\u2019intensit\u00e9 intrins\u00e8quement bas. Les applications de ce type<\/p>\n","protected":false},"author":3,"featured_media":7283,"comment_status":"closed","ping_status":"closed","sticky":false,"template":"","format":"standard","meta":{"inline_featured_image":false,"footnotes":""},"categories":[61],"tags":[30,108,46,31,94],"class_list":["post-7276","post","type-post","status-publish","format-standard","has-post-thumbnail","hentry","category-activites","tag-axe1","tag-departement-dop","tag-dynamique-lasers","tag-axe2","tag-sources-opto-hyper"],"translation":{"provider":"WPGlobus","version":"3.0.2","language":"en","enabled_languages":["fr","en"],"languages":{"fr":{"title":true,"content":true,"excerpt":false},"en":{"title":false,"content":false,"excerpt":false}}},"_links":{"self":[{"href":"https:\/\/www.institut-foton.eu\/en\/wp-json\/wp\/v2\/posts\/7276","targetHints":{"allow":["GET"]}}],"collection":[{"href":"https:\/\/www.institut-foton.eu\/en\/wp-json\/wp\/v2\/posts"}],"about":[{"href":"https:\/\/www.institut-foton.eu\/en\/wp-json\/wp\/v2\/types\/post"}],"author":[{"embeddable":true,"href":"https:\/\/www.institut-foton.eu\/en\/wp-json\/wp\/v2\/users\/3"}],"replies":[{"embeddable":true,"href":"https:\/\/www.institut-foton.eu\/en\/wp-json\/wp\/v2\/comments?post=7276"}],"version-history":[{"count":7,"href":"https:\/\/www.institut-foton.eu\/en\/wp-json\/wp\/v2\/posts\/7276\/revisions"}],"predecessor-version":[{"id":11216,"href":"https:\/\/www.institut-foton.eu\/en\/wp-json\/wp\/v2\/posts\/7276\/revisions\/11216"}],"wp:featuredmedia":[{"embeddable":true,"href":"https:\/\/www.institut-foton.eu\/en\/wp-json\/wp\/v2\/media\/7283"}],"wp:attachment":[{"href":"https:\/\/www.institut-foton.eu\/en\/wp-json\/wp\/v2\/media?parent=7276"}],"wp:term":[{"taxonomy":"category","embeddable":true,"href":"https:\/\/www.institut-foton.eu\/en\/wp-json\/wp\/v2\/categories?post=7276"},{"taxonomy":"post_tag","embeddable":true,"href":"https:\/\/www.institut-foton.eu\/en\/wp-json\/wp\/v2\/tags?post=7276"}],"curies":[{"name":"wp","href":"https:\/\/api.w.org\/{rel}","templated":true}]}}