{"id":7795,"date":"2024-05-28T16:15:56","date_gmt":"2024-05-28T14:15:56","guid":{"rendered":"https:\/\/www.institut-foton.eu\/?p=7795"},"modified":"2025-04-22T12:16:14","modified_gmt":"2025-04-22T10:16:14","slug":"these-sofiane-meziani-14-06-2024","status":"publish","type":"post","link":"https:\/\/www.institut-foton.eu\/en\/these-sofiane-meziani-14-06-2024\/","title":{"rendered":"Th\u00e8se &#8211; Sofiane Meziani &#8211; 14\/06\/2024"},"content":{"rendered":"\n<p><strong>L&#8217;Institut Foton vous convie \u00e0 la pr\u00e9sentation des travaux de th\u00e8se de doctorat :<\/strong><\/p>\n\n\n\n<p class=\"has-text-align-center has-black-color has-text-color has-link-color has-medium-font-size wp-elements-78fe6b09e08a336b374dff1189714d5e\"><strong><em><strong>D\u00e9veloppement de capteurs spectroscopiques en photonique int\u00e9gr\u00e9e dans le moyen infrarouge<\/strong><\/em><\/strong><\/p>\n\n\n\n<p><\/p>\n\n\n\n<p class=\"has-text-align-center has-vivid-cyan-blue-color has-text-color has-link-color has-medium-font-size wp-elements-810f2be3c1ff65d869c71ca550d6925c\"><strong>Sofiane MEZIANI<\/strong><\/p>\n\n\n\n<p>sous la direction de Jo\u00ebl CHARRIER.<\/p>\n\n\n\n<p class=\"has-text-align-center\"><strong>Cette\u00a0soutenance<\/strong>\u00a0<strong>publique<\/strong>\u00a0<strong>aura lieu le\u00a0<strong><strong>vendredi 14 juin 2024\u00a0\u00e0 9h15 \u00e0 l&#8217;Enssat\u00a0en salle 020G<\/strong><\/strong><\/strong><\/p>\n\n\n\n<div data-wp-interactive=\"core\/file\" class=\"wp-block-file\"><object data-wp-bind--hidden=\"!state.hasPdfPreview\" hidden class=\"wp-block-file__embed\" data=\"https:\/\/www.institut-foton.eu\/wp-content\/uploads\/2024\/05\/20240614_These_MEZIANI.pdf\" type=\"application\/pdf\" style=\"width:100%;height:600px\" aria-label=\"Embed of 20240614_These_MEZIANI.\"><\/object><a id=\"wp-block-file--media-7bfb51fc-5451-48f7-bd56-502d5c8c913d\" href=\"https:\/\/www.institut-foton.eu\/wp-content\/uploads\/2024\/05\/20240614_These_MEZIANI.pdf\">20240614_These_MEZIANI<\/a><a href=\"https:\/\/www.institut-foton.eu\/wp-content\/uploads\/2024\/05\/20240614_These_MEZIANI.pdf\" class=\"wp-block-file__button wp-element-button\" download aria-describedby=\"wp-block-file--media-7bfb51fc-5451-48f7-bd56-502d5c8c913d\">T\u00e9l\u00e9charger<\/a><\/div>\n","protected":false},"excerpt":{"rendered":"<p>L&#8217;Institut Foton vous convie \u00e0 la pr\u00e9sentation des travaux de th\u00e8se de doctorat : D\u00e9veloppement de capteurs spectroscopiques en photonique int\u00e9gr\u00e9e dans le moyen infrarouge Sofiane MEZIANI sous la direction de Jo\u00ebl CHARRIER. Cette\u00a0soutenance\u00a0publique\u00a0aura lieu le\u00a0vendredi 14 juin 2024\u00a0\u00e0 9h15<\/p>\n","protected":false},"author":6,"featured_media":0,"comment_status":"closed","ping_status":"closed","sticky":false,"template":"","format":"standard","meta":{"inline_featured_image":false,"footnotes":""},"categories":[37],"tags":[111],"class_list":["post-7795","post","type-post","status-publish","format-standard","hentry","category-agenda","tag-departement-sp"],"translation":{"provider":"WPGlobus","version":"3.0.2","language":"en","enabled_languages":["fr","en"],"languages":{"fr":{"title":true,"content":true,"excerpt":false},"en":{"title":false,"content":false,"excerpt":false}}},"_links":{"self":[{"href":"https:\/\/www.institut-foton.eu\/en\/wp-json\/wp\/v2\/posts\/7795","targetHints":{"allow":["GET"]}}],"collection":[{"href":"https:\/\/www.institut-foton.eu\/en\/wp-json\/wp\/v2\/posts"}],"about":[{"href":"https:\/\/www.institut-foton.eu\/en\/wp-json\/wp\/v2\/types\/post"}],"author":[{"embeddable":true,"href":"https:\/\/www.institut-foton.eu\/en\/wp-json\/wp\/v2\/users\/6"}],"replies":[{"embeddable":true,"href":"https:\/\/www.institut-foton.eu\/en\/wp-json\/wp\/v2\/comments?post=7795"}],"version-history":[{"count":4,"href":"https:\/\/www.institut-foton.eu\/en\/wp-json\/wp\/v2\/posts\/7795\/revisions"}],"predecessor-version":[{"id":9617,"href":"https:\/\/www.institut-foton.eu\/en\/wp-json\/wp\/v2\/posts\/7795\/revisions\/9617"}],"wp:attachment":[{"href":"https:\/\/www.institut-foton.eu\/en\/wp-json\/wp\/v2\/media?parent=7795"}],"wp:term":[{"taxonomy":"category","embeddable":true,"href":"https:\/\/www.institut-foton.eu\/en\/wp-json\/wp\/v2\/categories?post=7795"},{"taxonomy":"post_tag","embeddable":true,"href":"https:\/\/www.institut-foton.eu\/en\/wp-json\/wp\/v2\/tags?post=7795"}],"curies":[{"name":"wp","href":"https:\/\/api.w.org\/{rel}","templated":true}]}}