{"id":8520,"date":"2026-04-15T09:20:05","date_gmt":"2026-04-15T07:20:05","guid":{"rendered":"https:\/\/www.institut-foton.eu\/deniel-lucas\/"},"modified":"2026-04-15T09:20:05","modified_gmt":"2026-04-15T07:20:05","slug":"deniel-lucas","status":"publish","type":"post","link":"https:\/\/www.institut-foton.eu\/en\/deniel-lucas\/","title":{"rendered":"DENIEL Lucas"},"content":{"rendered":"\r\n\r\n<figure class=\"wp-block-image size-large is-resized is-style-rounded\"><img loading=\"lazy\" decoding=\"async\" src=\"\/wp-content\/uploads\/Personnels\/deniel_lucas.jpg\" alt=\"DENIEL Lucas\" class=\"wp-image-293\" style=\"object-fit:cover;width:192px;height:200px\" width=\"192\" height=\"200\"\/><\/figure>\r\n\r\n\r\n\r\n<p>Associate Professor <\/p>\r\n\r\n\r\n\r\n<p>Team:    <\/p>\r\n\r\n\r\n\r\n<p><\/p>\r\n\r\n\r\n\r\n\r\n\r\n<p><\/p>\r\n\r\n\r\n\r\n<h2 class=\"wp-block-heading\">Contact<\/h2>\r\n\r\n\r\n\r\n<p><strong>\u260e<\/strong> (+33)2&nbsp;96&nbsp;46&nbsp;92&nbsp;21<\/p>\r\n\r\n\r\n\r\n<p><strong>@<\/strong> lucas.deniel@univ-rennes.fr<\/p>\r\n\r\n\r\n\r\n<p>Building 3 &#8211; Office 109I<\/p>\r\n\r\n\r\n\r\n<p><strong>\ud83d\udd83<\/strong> Enssat<br\/>6, rue de Kerampont<br\/>CS 80518<br\/>22305 Lannion cedex<\/p>\r\n\r\n\r\n\r\n\r\n<h2 class='wp-block-heading'>Publications<\/h2><div class=\"wp-block-columns is-layout-flex wp-container-core-columns-is-layout-28f84493 wp-block-columns-is-layout-flex\"><div class=\"wp-block-column is-layout-flow wp-block-column-is-layout-flow\"><figure class='wp-block-image size-medium'><a href='https:\/\/scholar.google.com\/citations?user=_rVVxL4AAAAJ'><img src='\/wp-content\/uploads\/2023\/10\/logo_googlescholar.webp' alt='Google Scholar' \/><\/a><\/figure><\/div><div class=\"wp-block-column is-layout-flow wp-block-column-is-layout-flow\"><figure class='wp-block-image size-medium'><a href='https:\/\/www.researchgate.net\/profile\/_rVVxL4AAAAJ'><img src='\/wp-content\/uploads\/2023\/10\/logo_researchgate.webp' alt='ResearchGate' \/><\/a><\/figure><\/div><div class=\"wp-block-column is-layout-flow wp-block-column-is-layout-flow\"><figure class='wp-block-image size-medium'><a href='https:\/\/cv.hal.science\/lucas-deniel'><img src='\/wp-content\/uploads\/2023\/10\/logo_hal.webp' alt='HAL' \/><\/a><\/figure><\/div><\/div><div id=\"wphal-content\"><div id=\"meta\">\n        <div class=\"display\" id=\"wphal-contact\" style=\"display: none\">\n            <h3 class=\"wphal-titre\">Contact<\/h3>\n\n            <ul id=\"wphal-cont\" style=\"list-style-type: none\"><div class=\"wphal-infocontact\" id=\"wphal-infocontact0\"><li class=\"wphal-fullname\"><span>Nom : <\/span><span>Lucas Deniel<\/span><\/li><li class=\"wphal-idhal\"><span>IdHAL : <\/span><span>lucas-deniel<\/span><\/li><li class=\"wphal-cvhal\"><span>CV HAL : <\/span><a href=\"https:\/\/cv.hal.science\/lucas-deniel\" target=\"_blank\">CV de Lucas Deniel<\/a><\/li><li class=\"wphal-\"><span>ORCID : <\/span><span><a href=\"https:\/\/orcid.org\/0000-0002-9768-1759\" target=\"_blank\">0000-0002-9768-1759<\/a> ,<\/span><\/li><\/div><\/ul>\n        <\/div>\n        <div class=\"display\" id=\"wphal-disciplines\" style=\"display: none\">\n            <h3 class=\"wphal-titre\">Disciplines<\/h3><\/div>\n        <div class=\"display\" id=\"wphal-keywords\" style=\"display: none\">\n            <h3 class=\"wphal-titre\">Mots-clefs<\/h3><\/div>\n        <div class=\"display\" id=\"wphal-auteurs\" style=\"display: none\">\n            <h3 class=\"wphal-titre\">Auteurs<\/h3><\/div>\n        <div class=\"display\" id=\"wphal-affiliated\" style=\"display: none\">\n            <h3 class=\"wphal-titre\">Auteurs de la structure<\/h3><\/div>\n        <div class=\"display\" id=\"wphal-revues\" style=\"display: none\">\n            <h3 class=\"wphal-titre\">Revues<\/h3><\/div>\n        <div class=\"display\" id=\"wphal-annees\" style=\"display: none\">\n            <h3 class=\"wphal-titre\">Ann\u00e9e de production<\/h3><\/div>\n        <div class=\"display\" id=\"wphal-insts\" style=\"display: none\">\n            <h3 class=\"wphal-titre\">Institutions<\/h3><\/div>\n       <div class=\"display\" id=\"wphal-labs\" style=\"display: none\">\n            <h3 class=\"wphal-titre\">Laboratoires<\/h3><\/div>\n       <div class=\"display\" id=\"wphal-depts\" style=\"display: none\">\n            <h3 class=\"wphal-titre\">D\u00e9partements<\/h3><\/div>\n       <div class=\"display\" id=\"wphal-equipes\" style=\"display: none\">\n            <h3 class=\"wphal-titre\">\u00c9quipes de recherche<\/h3><\/div>\n    <div class=\"display\" id=\"publications\"><div class=\"counter-doc\"><span class=\"wphal-nbtot\">13 <\/span>documents<\/div><br><div class=\"grp-div\"><h3 class=\"wphal-titre-groupe\">Articles dans une revue<span class=\"wphal-nbmetadata\" style=\"margin-left:10px\">5 documents<\/span><\/h3><div class=\"grp-content\"><ul><li>Anupama Viswanathan, Youssef Ghandaoui, Jan Gutwirth, Tomas Halenkovic, Abdelali Hammouti, et al.. Development of co-sputtered amorphous Ge\u2013Bi\u2013Se films for nonlinear infrared photonic applications. <i>ACS Applied Optical Materials<\/i>, 2025, 3 (7), pp.1567-1579. <a target=\"_blank\" href=\"https:\/\/dx.doi.org\/10.1021\/acsaom.5c00165\">&#x27E8;10.1021\/acsaom.5c00165&#x27E9;<\/a>. <a target=\"_blank\" href=\"https:\/\/hal.science\/hal-05156881v1\">&#x27E8;hal-05156881&#x27E9;<\/a><\/li><li>Erwan Weckenmann, Laurent Bramerie, Mathilde Gay, Diego Perez-Galacho, Frederic Boeuf, et al.. Frequency Chirp Characterization of Silicon Ring Resonator Modulators. <i>IEEE Photonics Technology Letters<\/i>, 2022, 34 (12), pp.653-656. <a target=\"_blank\" href=\"https:\/\/dx.doi.org\/10.1109\/LPT.2022.3179650\">&#x27E8;10.1109\/LPT.2022.3179650&#x27E9;<\/a>. <a target=\"_blank\" href=\"https:\/\/hal.science\/hal-03693026v1\">&#x27E8;hal-03693026&#x27E9;<\/a><\/li><li>Skylar Deckoff-Jones, Vincent Pelgrin, Jianhao Zhang, Christian Lafforgue, Lucas Deniel, et al.. Enhancing SiN waveguide optical nonlinearity via hybrid GaS integration. <i>Journal of Optics<\/i>, 2021, 23 (2), pp.025802. <a target=\"_blank\" href=\"https:\/\/dx.doi.org\/10.1088\/2040-8986\/abe7d7\">&#x27E8;10.1088\/2040-8986\/abe7d7&#x27E9;<\/a>. <a target=\"_blank\" href=\"https:\/\/hal.science\/hal-03272655v1\">&#x27E8;hal-03272655&#x27E9;<\/a><\/li><li>Thi Thuy Duong Dinh, David Gonz\u00e1lez-Andrade, Miguel Montesinos-Ballester, Lucas Deniel, Bertrand Szelag, et al.. Silicon photonic on-chip spatial heterodyne Fourier transform spectrometer exploiting the Jacquinot\u2019s advantage. <i>Optics Letters<\/i>, 2021, 46 (6), pp.1341. <a target=\"_blank\" href=\"https:\/\/dx.doi.org\/10.1364\/OL.418278\">&#x27E8;10.1364\/OL.418278&#x27E9;<\/a>. <a target=\"_blank\" href=\"https:\/\/hal.science\/hal-03320959v1\">&#x27E8;hal-03320959&#x27E9;<\/a><\/li><li>Lucas Deniel, Mathilde Gay, Diego P\u00e9rez Galacho, Charles Baudot, Laurent Bramerie, et al.. DAC-less PAM-4 generation in the O-band using a silicon Mach-Zehnder modulator. <i>Optics Express<\/i>, 2019, 27 (7), pp.9740-9748. <a target=\"_blank\" href=\"https:\/\/dx.doi.org\/10.1364\/OE.27.009740\">&#x27E8;10.1364\/OE.27.009740&#x27E9;<\/a>. <a target=\"_blank\" href=\"https:\/\/hal.science\/hal-02270915v1\">&#x27E8;hal-02270915&#x27E9;<\/a><\/li><\/ul><\/div><\/div><br><div class=\"grp-div\"><h3 class=\"wphal-titre-groupe\">Communications dans un congr\u00e8s<span class=\"wphal-nbmetadata\" style=\"margin-left:10px\">7 documents<\/span><\/h3><div class=\"grp-content\"><ul><li>Youssef Ghandaoui, Anupama Viswanathan, Abdelali Hammouti, Jan Gutwirth, Lucas Deniel, et al.. New chalcogenide-based platform with very high light-sound interaction for the next generation of photonic integrated circuits (Conference Presentation). <i>Integrated Optics: Design, Devices, Systems, and Applications VIII<\/i>, Apr 2025, Prague, Czech Republic. <a target=\"_blank\" href=\"https:\/\/dx.doi.org\/10.1117\/12.3057945\">&#x27E8;10.1117\/12.3057945&#x27E9;<\/a>. <a target=\"_blank\" href=\"https:\/\/hal.science\/hal-05534606v1\">&#x27E8;hal-05534606&#x27E9;<\/a><\/li><li>Abdelali Hammouti, Sofiane Meziani, Lo\u00efc Bodiou, Nathalie Lorrain, Parastesh Pirasteh, et al.. Optimization of etching parameters of chalcogenide layers for photonic integrated circuits for Near and Mid-Infrared applications. <i>10th International Conference on Optical, Optoelectronic and Photonic Materials and Applications<\/i>, Jun 2024, Pardubice, Czech Republic. <a target=\"_blank\" href=\"https:\/\/hal.science\/hal-04652694v1\">&#x27E8;hal-04652694&#x27E9;<\/a><\/li><li>Lucas Deniel, Erwan Weckenmann, Diego P\u00e9rez Galacho, Laurent Bramerie, Margaux Barbier, et al.. Dual comb spectroscopy using silicon electro-optical modulators. <i>SPIE Photonics Europe 2020<\/i>, Apr 2020, Online Only, France. pp.1136405, <a target=\"_blank\" href=\"https:\/\/dx.doi.org\/10.1117\/12.2556066\">&#x27E8;10.1117\/12.2556066&#x27E9;<\/a>. <a target=\"_blank\" href=\"https:\/\/hal.science\/hal-02946604v1\">&#x27E8;hal-02946604&#x27E9;<\/a><\/li><li>Lucas Deniel, Erwan Weckenmann, Diego P\u00e9rez Galacho, Laurent Bramerie, Charles Baudot, et al.. Heterodyne detection for the measurement of electro-optical frequency combs generated with a silicon Mach-Zehnder modulator. <i>SPIE Photonics West - OPTO 2020<\/i>, Feb 2020, San Francisco, United States. pp.1128516, <a target=\"_blank\" href=\"https:\/\/dx.doi.org\/10.1117\/12.2543962\">&#x27E8;10.1117\/12.2543962&#x27E9;<\/a>. <a target=\"_blank\" href=\"https:\/\/hal.science\/hal-02946592v1\">&#x27E8;hal-02946592&#x27E9;<\/a><\/li><li>Christian Lafforgue, Mathias Berciano, Lucas Deniel, Guillaume Marcaud, Xavier Le Roux, et al.. Demonstration of High-Speed Pockels Effect in Strained Si Waveguides. <i>Conference on Lasers and Electro-Optics OSA Technical Digest (Optical Society of America, 2020)<\/i>, Optical Society of America, 2020, Washington, United States. <a target=\"_blank\" href=\"https:\/\/dx.doi.org\/10.1364\/CLEO_SI.2020.SM2J.1\">&#x27E8;10.1364\/CLEO_SI.2020.SM2J.1&#x27E9;<\/a>. <a target=\"_blank\" href=\"https:\/\/hal.science\/hal-02941661v1\">&#x27E8;hal-02941661&#x27E9;<\/a><\/li><li>Lucas Deniel, Diego Perez-Galacho, Erwan Weckenmann, Mathilde Gay, Charles Baudot, et al.. G\u00e9n\u00e9ration de peigne de fr\u00e9quence \u00e9lectro-optique par un modulateur Mach-Zehnder en silicium. <i>Journ\u00e9e du Club Optique et Micro-ondes (JCOM 2019)<\/i>, Jun 2019, Brest, France. <a target=\"_blank\" href=\"https:\/\/hal.science\/hal-02270919v1\">&#x27E8;hal-02270919&#x27E9;<\/a><\/li><li>Lucas Deniel, Mathilde Gay, Diego Perez-Galacho, Charles Baudot, Laurent Bramerie, et al.. Generation of O-band PAM-4 signal using a silicon modulator driven by two binary sequences. <i>SPIE Photonics West - OPTO 2019<\/i>, Feb 2019, San Francisco, France. pp.40. <a target=\"_blank\" href=\"https:\/\/hal.science\/hal-02270910v1\">&#x27E8;hal-02270910&#x27E9;<\/a><\/li><\/ul><\/div><\/div><br><div class=\"grp-div\"><h3 class=\"wphal-titre-groupe\">Th\u00e8ses<span class=\"wphal-nbmetadata\" style=\"margin-left:10px\">1 document<\/span><\/h3><div class=\"grp-content\"><ul><li>Lucas Deniel. Composants \u00e9lectro-optiques en photonique silicium pour les communications haut-d\u00e9bit et la g\u00e9n\u00e9ration de peignes de fr\u00e9quences. Optique \/ photonique. Universit\u00e9 Paris-Saclay, 2021. Fran\u00e7ais. <a target=\"_blank\" href=\"https:\/\/www.theses.fr\/2021UPAST126\">&#x27E8;NNT : 2021UPAST126&#x27E9;<\/a>. <a target=\"_blank\" href=\"https:\/\/theses.hal.science\/tel-03485488v1\">&#x27E8;tel-03485488&#x27E9;<\/a><\/li><\/ul><\/div><\/div><br><\/div>\n    <\/div>\n<\/div><div class=\"wphal-footer\"><p style=\"color:#B3B2B0\">Documents r\u00e9cup\u00e9r\u00e9s de l'archive ouverte HAL&nbsp;<a href=\"https:\/\/hal.science\/\" target=\"_blank\"><img decoding=\"async\" alt=\"logo\" src=\"https:\/\/www.institut-foton.eu\/wp-content\/plugins\/hal\/img\/logo-hal.png\" style=\"width:90px\"><\/a><\/p><\/div>\n\r\n","protected":false},"excerpt":{"rendered":"<p>(+33)2&nbsp;96&nbsp;46&nbsp;92&nbsp;21 Associate Professor <\/p>\n","protected":false},"author":3,"featured_media":8516,"comment_status":"open","ping_status":"closed","sticky":false,"template":"","format":"standard","meta":{"inline_featured_image":false,"footnotes":""},"categories":[17,59],"tags":[111],"class_list":["post-8520","post","type-post","status-publish","format-standard","has-post-thumbnail","hentry","category-personnels","category-chercheurs-et-enseignants-chercheurs","tag-departement-sp"],"translation":{"provider":"WPGlobus","version":"3.0.2","language":"en","enabled_languages":["fr","en"],"languages":{"fr":{"title":true,"content":true,"excerpt":true},"en":{"title":true,"content":true,"excerpt":true}}},"_links":{"self":[{"href":"https:\/\/www.institut-foton.eu\/en\/wp-json\/wp\/v2\/posts\/8520","targetHints":{"allow":["GET"]}}],"collection":[{"href":"https:\/\/www.institut-foton.eu\/en\/wp-json\/wp\/v2\/posts"}],"about":[{"href":"https:\/\/www.institut-foton.eu\/en\/wp-json\/wp\/v2\/types\/post"}],"author":[{"embeddable":true,"href":"https:\/\/www.institut-foton.eu\/en\/wp-json\/wp\/v2\/users\/3"}],"replies":[{"embeddable":true,"href":"https:\/\/www.institut-foton.eu\/en\/wp-json\/wp\/v2\/comments?post=8520"}],"version-history":[{"count":7,"href":"https:\/\/www.institut-foton.eu\/en\/wp-json\/wp\/v2\/posts\/8520\/revisions"}],"predecessor-version":[{"id":11990,"href":"https:\/\/www.institut-foton.eu\/en\/wp-json\/wp\/v2\/posts\/8520\/revisions\/11990"}],"wp:featuredmedia":[{"embeddable":true,"href":"https:\/\/www.institut-foton.eu\/en\/wp-json\/wp\/v2\/media\/8516"}],"wp:attachment":[{"href":"https:\/\/www.institut-foton.eu\/en\/wp-json\/wp\/v2\/media?parent=8520"}],"wp:term":[{"taxonomy":"category","embeddable":true,"href":"https:\/\/www.institut-foton.eu\/en\/wp-json\/wp\/v2\/categories?post=8520"},{"taxonomy":"post_tag","embeddable":true,"href":"https:\/\/www.institut-foton.eu\/en\/wp-json\/wp\/v2\/tags?post=8520"}],"curies":[{"name":"wp","href":"https:\/\/api.w.org\/{rel}","templated":true}]}}