{"id":8748,"date":"2024-02-19T10:32:37","date_gmt":"2024-02-19T09:32:37","guid":{"rendered":"https:\/\/www.institut-foton.eu\/?p=8748"},"modified":"2025-04-22T12:16:30","modified_gmt":"2025-04-22T10:16:30","slug":"seminaire-vincent-raimbault-21-02-2024","status":"publish","type":"post","link":"https:\/\/www.institut-foton.eu\/en\/seminaire-vincent-raimbault-21-02-2024\/","title":{"rendered":"S\u00e9minaire &#8211; Vincent Raimbault &#8211; 21\/02\/2024"},"content":{"rendered":"\n<p>Dans le cadre des conf\u00e9rences de la formation d&#8217;ing\u00e9nieur en Photonique de l&#8217;Enssat,<strong>l&#8217;Institut Foton vous invite \u00e0 participer au s\u00e9minaire<\/strong><strong>public&nbsp;<\/strong><strong>le&nbsp;mercredi&nbsp;21 f\u00e9vrier \u00e0 14 h (amphi 137C)&nbsp;<\/strong><strong>:<\/strong><\/p>\n\n\n\n<p class=\"has-text-align-center has-black-color has-text-color has-link-color has-medium-font-size wp-elements-6b5112b95a718495736985cd132a3f5b\"><strong><strong><em>Introduction aux challenges de l\u2019observation de l\u2019hydrosph\u00e8re au travers d\u2019un observable : le plancton<\/em><\/strong><\/strong><\/p>\n\n\n\n<p><\/p>\n\n\n\n<p class=\"has-text-align-center has-vivid-cyan-blue-color has-text-color has-link-color has-medium-font-size wp-elements-543067cc0f97d055274e39898c9eedd4\">Vincent Raimbault<strong><br><\/strong><\/p>\n\n\n\n<p class=\"has-text-align-center\">Charg\u00e9 de recherche CNRS<br>Laboratoire LAAS-CNRS, Toulouse<\/p>\n\n\n\n<p class=\"has-text-align-center\"><\/p>\n\n\n\n<div data-wp-interactive=\"core\/file\" class=\"wp-block-file\"><object data-wp-bind--hidden=\"!state.hasPdfPreview\" hidden class=\"wp-block-file__embed\" data=\"https:\/\/www.institut-foton.eu\/wp-content\/uploads\/2024\/02\/Annonce-conference-Vincent-Raimbault.pdf\" type=\"application\/pdf\" style=\"width:100%;height:600px\" aria-label=\"Embed of Annonce-conference-Vincent-Raimbault.\"><\/object><a id=\"wp-block-file--media-9dce81d9-d599-40d3-a05c-ef8e2c34035f\" href=\"https:\/\/www.institut-foton.eu\/wp-content\/uploads\/2024\/02\/Annonce-conference-Vincent-Raimbault.pdf\">Annonce-conference-Vincent-Raimbault<\/a><a href=\"https:\/\/www.institut-foton.eu\/wp-content\/uploads\/2024\/02\/Annonce-conference-Vincent-Raimbault.pdf\" class=\"wp-block-file__button wp-element-button\" download aria-describedby=\"wp-block-file--media-9dce81d9-d599-40d3-a05c-ef8e2c34035f\">T\u00e9l\u00e9charger<\/a><\/div>\n","protected":false},"excerpt":{"rendered":"<p>Dans le cadre des conf\u00e9rences de la formation d&#8217;ing\u00e9nieur en Photonique de l&#8217;Enssat,l&#8217;Institut Foton vous invite \u00e0 participer au s\u00e9minairepublic&nbsp;le&nbsp;mercredi&nbsp;21 f\u00e9vrier \u00e0 14 h (amphi 137C)&nbsp;: Introduction aux challenges de l\u2019observation de l\u2019hydrosph\u00e8re au travers d\u2019un observable : le plancton<\/p>\n","protected":false},"author":6,"featured_media":0,"comment_status":"closed","ping_status":"closed","sticky":false,"template":"","format":"standard","meta":{"inline_featured_image":false,"footnotes":""},"categories":[37],"tags":[111],"class_list":["post-8748","post","type-post","status-publish","format-standard","hentry","category-agenda","tag-departement-sp"],"translation":{"provider":"WPGlobus","version":"3.0.2","language":"en","enabled_languages":["fr","en"],"languages":{"fr":{"title":true,"content":true,"excerpt":false},"en":{"title":false,"content":false,"excerpt":false}}},"_links":{"self":[{"href":"https:\/\/www.institut-foton.eu\/en\/wp-json\/wp\/v2\/posts\/8748","targetHints":{"allow":["GET"]}}],"collection":[{"href":"https:\/\/www.institut-foton.eu\/en\/wp-json\/wp\/v2\/posts"}],"about":[{"href":"https:\/\/www.institut-foton.eu\/en\/wp-json\/wp\/v2\/types\/post"}],"author":[{"embeddable":true,"href":"https:\/\/www.institut-foton.eu\/en\/wp-json\/wp\/v2\/users\/6"}],"replies":[{"embeddable":true,"href":"https:\/\/www.institut-foton.eu\/en\/wp-json\/wp\/v2\/comments?post=8748"}],"version-history":[{"count":1,"href":"https:\/\/www.institut-foton.eu\/en\/wp-json\/wp\/v2\/posts\/8748\/revisions"}],"predecessor-version":[{"id":8750,"href":"https:\/\/www.institut-foton.eu\/en\/wp-json\/wp\/v2\/posts\/8748\/revisions\/8750"}],"wp:attachment":[{"href":"https:\/\/www.institut-foton.eu\/en\/wp-json\/wp\/v2\/media?parent=8748"}],"wp:term":[{"taxonomy":"category","embeddable":true,"href":"https:\/\/www.institut-foton.eu\/en\/wp-json\/wp\/v2\/categories?post=8748"},{"taxonomy":"post_tag","embeddable":true,"href":"https:\/\/www.institut-foton.eu\/en\/wp-json\/wp\/v2\/tags?post=8748"}],"curies":[{"name":"wp","href":"https:\/\/api.w.org\/{rel}","templated":true}]}}