{"id":9900,"date":"2024-12-05T09:57:42","date_gmt":"2024-12-05T08:57:42","guid":{"rendered":"https:\/\/www.institut-foton.eu\/?p=9900"},"modified":"2025-04-22T11:56:26","modified_gmt":"2025-04-22T09:56:26","slug":"cyril-hamel-recoit-les-palmes-academiques","status":"publish","type":"post","link":"https:\/\/www.institut-foton.eu\/en\/cyril-hamel-recoit-les-palmes-academiques\/","title":{"rendered":"Cyril Hamel fait officier de l&#8217;ordre des palmes acad\u00e9miques"},"content":{"rendered":"\n<p>Cyril Hamel, ing\u00e9nieur d&#8217;\u00e9tudes en m\u00e9canique (Universit\u00e9 de Rennes), a \u00e9t\u00e9 fait Officier de l&#8217;ordre des Palmes Acad\u00e9miques le 28 novembre 2024. <\/p>\n\n\n\n<p>Cette d\u00e9coration du Minist\u00e8re de l\u2019Education Nationale honore les membres de la communaut\u00e9 universitaire, enseignants, enseignants-chercheurs et personnels administratifs, techniques et de biblioth\u00e8ques, ayant rendu des services \u00e9minents.<\/p>\n\n\n\n<figure class=\"wp-block-image size-large\"><img loading=\"lazy\" decoding=\"async\" width=\"1024\" height=\"683\" src=\"https:\/\/www.institut-foton.eu\/wp-content\/uploads\/2024\/12\/Palmes-Academiques@Frederic-Obe-88-1024x683.jpg\" alt=\"\" class=\"wp-image-9901\" srcset=\"https:\/\/www.institut-foton.eu\/wp-content\/uploads\/2024\/12\/Palmes-Academiques@Frederic-Obe-88-1024x683.jpg 1024w, https:\/\/www.institut-foton.eu\/wp-content\/uploads\/2024\/12\/Palmes-Academiques@Frederic-Obe-88-300x200.jpg 300w, https:\/\/www.institut-foton.eu\/wp-content\/uploads\/2024\/12\/Palmes-Academiques@Frederic-Obe-88-768x512.jpg 768w, https:\/\/www.institut-foton.eu\/wp-content\/uploads\/2024\/12\/Palmes-Academiques@Frederic-Obe-88-1536x1024.jpg 1536w, https:\/\/www.institut-foton.eu\/wp-content\/uploads\/2024\/12\/Palmes-Academiques@Frederic-Obe-88-2048x1365.jpg 2048w\" sizes=\"auto, (max-width: 1024px) 100vw, 1024px\" \/><\/figure>\n","protected":false},"excerpt":{"rendered":"<p>Cyril Hamel, ing\u00e9nieur d&#8217;\u00e9tudes en m\u00e9canique (Universit\u00e9 de Rennes), a \u00e9t\u00e9 fait Officier de l&#8217;ordre des Palmes Acad\u00e9miques le 28 novembre 2024. Cette d\u00e9coration du Minist\u00e8re de l\u2019Education Nationale honore les membres de la communaut\u00e9 universitaire, enseignants, enseignants-chercheurs et personnels<\/p>\n","protected":false},"author":6,"featured_media":9902,"comment_status":"closed","ping_status":"closed","sticky":false,"template":"","format":"standard","meta":{"inline_featured_image":false,"footnotes":""},"categories":[36],"tags":[108],"class_list":["post-9900","post","type-post","status-publish","format-standard","has-post-thumbnail","hentry","category-actualites","tag-departement-dop"],"translation":{"provider":"WPGlobus","version":"3.0.2","language":"en","enabled_languages":["fr","en"],"languages":{"fr":{"title":true,"content":true,"excerpt":false},"en":{"title":false,"content":false,"excerpt":false}}},"_links":{"self":[{"href":"https:\/\/www.institut-foton.eu\/en\/wp-json\/wp\/v2\/posts\/9900","targetHints":{"allow":["GET"]}}],"collection":[{"href":"https:\/\/www.institut-foton.eu\/en\/wp-json\/wp\/v2\/posts"}],"about":[{"href":"https:\/\/www.institut-foton.eu\/en\/wp-json\/wp\/v2\/types\/post"}],"author":[{"embeddable":true,"href":"https:\/\/www.institut-foton.eu\/en\/wp-json\/wp\/v2\/users\/6"}],"replies":[{"embeddable":true,"href":"https:\/\/www.institut-foton.eu\/en\/wp-json\/wp\/v2\/comments?post=9900"}],"version-history":[{"count":4,"href":"https:\/\/www.institut-foton.eu\/en\/wp-json\/wp\/v2\/posts\/9900\/revisions"}],"predecessor-version":[{"id":9908,"href":"https:\/\/www.institut-foton.eu\/en\/wp-json\/wp\/v2\/posts\/9900\/revisions\/9908"}],"wp:featuredmedia":[{"embeddable":true,"href":"https:\/\/www.institut-foton.eu\/en\/wp-json\/wp\/v2\/media\/9902"}],"wp:attachment":[{"href":"https:\/\/www.institut-foton.eu\/en\/wp-json\/wp\/v2\/media?parent=9900"}],"wp:term":[{"taxonomy":"category","embeddable":true,"href":"https:\/\/www.institut-foton.eu\/en\/wp-json\/wp\/v2\/categories?post=9900"},{"taxonomy":"post_tag","embeddable":true,"href":"https:\/\/www.institut-foton.eu\/en\/wp-json\/wp\/v2\/tags?post=9900"}],"curies":[{"name":"wp","href":"https:\/\/api.w.org\/{rel}","templated":true}]}}